{"id":8749,"date":"2025-07-03T10:29:30","date_gmt":"2025-07-03T13:29:30","guid":{"rendered":"https:\/\/fcv.unl.edu.ar\/citec\/?p=8749"},"modified":"2025-07-03T10:39:42","modified_gmt":"2025-07-03T13:39:42","slug":"capacitacion-inteligencia-artificial-para-docentes","status":"publish","type":"post","link":"https:\/\/fcv.unl.edu.ar\/citec\/?p=8749","title":{"rendered":"Capacitaci\u00f3n: Inteligencia Artificial para docentes"},"content":{"rendered":"\t\t<div data-elementor-type=\"wp-post\" data-elementor-id=\"8749\" class=\"elementor elementor-8749\">\n\t\t\t\t\t\t<div class=\"elementor-inner\">\n\t\t\t\t<div class=\"elementor-section-wrap\">\n\t\t\t\t\t\t\t\t\t<section class=\"elementor-section elementor-top-section elementor-element elementor-element-153ade1 elementor-section-boxed elementor-section-height-default elementor-section-height-default\" data-id=\"153ade1\" data-element_type=\"section\">\n\t\t\t\t\t\t<div class=\"elementor-container elementor-column-gap-default\">\n\t\t\t\t\t\t\t<div class=\"elementor-row\">\n\t\t\t\t\t<div class=\"elementor-column elementor-col-100 elementor-top-column elementor-element elementor-element-907af48\" data-id=\"907af48\" data-element_type=\"column\">\n\t\t\t<div class=\"elementor-column-wrap elementor-element-populated\">\n\t\t\t\t\t\t\t<div class=\"elementor-widget-wrap\">\n\t\t\t\t\t\t<div class=\"elementor-element elementor-element-7a14c7f elementor-widget elementor-widget-text-editor\" data-id=\"7a14c7f\" data-element_type=\"widget\" data-widget_type=\"text-editor.default\">\n\t\t\t\t<div class=\"elementor-widget-container\">\n\t\t\t\t\t\t\t\t<div class=\"elementor-text-editor elementor-clearfix\">\n\t\t\t\t<p data-start=\"370\" data-end=\"639\">Desde el \u00e1rea de <strong data-start=\"387\" data-end=\"409\">Formaci\u00f3n de CITec<\/strong>, compartimos la realizaci\u00f3n del curso <strong data-start=\"448\" data-end=\"484\">\u201cIA para docentes: Introducci\u00f3n\u201d<\/strong>, una propuesta orientada a acompa\u00f1ar a educadores en la incorporaci\u00f3n cr\u00edtica y creativa de la <strong data-start=\"580\" data-end=\"607\">Inteligencia Artificial<\/strong> en sus pr\u00e1cticas pedag\u00f3gicas.<\/p><p data-start=\"641\" data-end=\"1041\">Esta capacitaci\u00f3n brind\u00f3 herramientas para comprender los <strong data-start=\"699\" data-end=\"723\">fundamentos de la IA<\/strong>, su evoluci\u00f3n y sus aplicaciones actuales en distintos contextos, especialmente en el \u00e1mbito educativo. Se abordaron tem\u00e1ticas como los <strong data-start=\"860\" data-end=\"890\">impactos \u00e9ticos y sociales<\/strong>, y se exploraron <strong data-start=\"908\" data-end=\"941\">herramientas de IA generativa<\/strong> aplicadas a la productividad, la creaci\u00f3n de contenidos y la organizaci\u00f3n de recursos para el aula.<\/p><p data-start=\"1043\" data-end=\"1356\"><!--StartFragment --><\/p><p>El trayecto se desarroll\u00f3 de forma <strong>presencial<\/strong> en la <strong>Facultad de Ciencias Veterinarias de la UNL (Campus FAVE)<\/strong>, y estuvo a cargo de: la Mgter. Carina Gramaglia como directora y el Ing. Ind. Leonardo Zequin como docente responsable.<!--EndFragment --><\/p><p><!--StartFragment --><\/p><p>Agradecemos profundamente a todas las personas que participaron con <strong>entusiasmo y compromiso<\/strong> en este espacio formativo, que nos permiti\u00f3 seguir construyendo una <strong>mirada interdisciplinaria y colaborativa<\/strong> sobre el uso de <strong>tecnolog\u00edas emergentes en educaci\u00f3n<\/strong>.<\/p><p><!--EndFragment --><\/p>\t\t\t\t\t<\/div>\n\t\t\t\t\t\t<\/div>\n\t\t\t\t<\/div>\n\t\t\t\t\t\t<\/div>\n\t\t\t\t\t<\/div>\n\t\t<\/div>\n\t\t\t\t\t\t\t\t<\/div>\n\t\t\t\t\t<\/div>\n\t\t<\/section>\n\t\t\t\t<section class=\"elementor-section elementor-top-section elementor-element elementor-element-1b70e18 elementor-section-boxed elementor-section-height-default elementor-section-height-default\" data-id=\"1b70e18\" data-element_type=\"section\">\n\t\t\t\t\t\t<div class=\"elementor-container elementor-column-gap-default\">\n\t\t\t\t\t\t\t<div class=\"elementor-row\">\n\t\t\t\t\t<div class=\"elementor-column elementor-col-100 elementor-top-column elementor-element elementor-element-da85153\" data-id=\"da85153\" data-element_type=\"column\">\n\t\t\t<div class=\"elementor-column-wrap\">\n\t\t\t\t\t\t\t<div class=\"elementor-widget-wrap\">\n\t\t\t\t\t\t\t\t<\/div>\n\t\t\t\t\t<\/div>\n\t\t<\/div>\n\t\t\t\t\t\t\t\t<\/div>\n\t\t\t\t\t<\/div>\n\t\t<\/section>\n\t\t\t\t<section class=\"elementor-section elementor-top-section elementor-element elementor-element-3f3781c elementor-section-boxed elementor-section-height-default elementor-section-height-default\" data-id=\"3f3781c\" data-element_type=\"section\">\n\t\t\t\t\t\t<div class=\"elementor-container elementor-column-gap-default\">\n\t\t\t\t\t\t\t<div class=\"elementor-row\">\n\t\t\t\t\t<div class=\"elementor-column elementor-col-100 elementor-top-column elementor-element elementor-element-8ece096\" data-id=\"8ece096\" data-element_type=\"column\">\n\t\t\t<div class=\"elementor-column-wrap elementor-element-populated\">\n\t\t\t\t\t\t\t<div class=\"elementor-widget-wrap\">\n\t\t\t\t\t\t<div class=\"elementor-element elementor-element-a3ade22 elementor-skin-carousel elementor-arrows-yes elementor-pagination-type-bullets elementor-pagination-position-outside elementor-widget elementor-widget-media-carousel\" data-id=\"a3ade22\" data-element_type=\"widget\" data-settings=\"{&quot;skin&quot;:&quot;carousel&quot;,&quot;effect&quot;:&quot;slide&quot;,&quot;show_arrows&quot;:&quot;yes&quot;,&quot;pagination&quot;:&quot;bullets&quot;,&quot;speed&quot;:500,&quot;autoplay&quot;:&quot;yes&quot;,&quot;autoplay_speed&quot;:5000,&quot;loop&quot;:&quot;yes&quot;,&quot;pause_on_hover&quot;:&quot;yes&quot;,&quot;pause_on_interaction&quot;:&quot;yes&quot;,&quot;space_between&quot;:{&quot;unit&quot;:&quot;px&quot;,&quot;size&quot;:10,&quot;sizes&quot;:[]},&quot;space_between_tablet&quot;:{&quot;unit&quot;:&quot;px&quot;,&quot;size&quot;:10,&quot;sizes&quot;:[]},&quot;space_between_mobile&quot;:{&quot;unit&quot;:&quot;px&quot;,&quot;size&quot;:10,&quot;sizes&quot;:[]}}\" data-widget_type=\"media-carousel.default\">\n\t\t\t\t<div class=\"elementor-widget-container\">\n\t\t\t\t\t<div class=\"elementor-swiper\">\n\t\t\t<div class=\"elementor-main-swiper swiper-container\">\n\t\t\t\t<div class=\"swiper-wrapper\">\n\t\t\t\t\t\t\t\t\t\t\t<div class=\"swiper-slide\">\n\t\t\t\t\t\t\t\t\t<div class=\"elementor-carousel-image\" style=\"background-image: url(https:\/\/fcv.unl.edu.ar\/citec\/wp-content\/uploads\/2025\/07\/Imagen-de-WhatsApp-2025-07-03-a-las-09.45.55_08eaf4c4.jpg)\">\n\n\t\t\t\n\t\t\t\t\t<\/div>\n\t\t\t\t\t\t\t\t<\/div>\n\t\t\t\t\t\t\t\t\t\t\t<div class=\"swiper-slide\">\n\t\t\t\t\t\t\t\t\t<div class=\"elementor-carousel-image\" style=\"background-image: url(https:\/\/fcv.unl.edu.ar\/citec\/wp-content\/uploads\/2025\/07\/Imagen-de-WhatsApp-2025-07-03-a-las-09.45.56_3c549149.jpg)\">\n\n\t\t\t\n\t\t\t\t\t<\/div>\n\t\t\t\t\t\t\t\t<\/div>\n\t\t\t\t\t\t\t\t\t\t\t<div class=\"swiper-slide\">\n\t\t\t\t\t\t\t\t\t<div class=\"elementor-carousel-image\" style=\"background-image: url(https:\/\/fcv.unl.edu.ar\/citec\/wp-content\/uploads\/2025\/07\/Imagen-de-WhatsApp-2025-07-03-a-las-09.45.54_07ed3619.jpg)\">\n\n\t\t\t\n\t\t\t\t\t<\/div>\n\t\t\t\t\t\t\t\t<\/div>\n\t\t\t\t\t\t\t\t\t\t\t<div class=\"swiper-slide\">\n\t\t\t\t\t\t\t\t\t<div class=\"elementor-carousel-image\" style=\"background-image: url(https:\/\/fcv.unl.edu.ar\/citec\/wp-content\/uploads\/2025\/07\/Imagen-de-WhatsApp-2025-07-03-a-las-09.45.50_6cd0eb2a.jpg)\">\n\n\t\t\t\n\t\t\t\t\t<\/div>\n\t\t\t\t\t\t\t\t<\/div>\n\t\t\t\t\t\t\t\t\t\t\t<div class=\"swiper-slide\">\n\t\t\t\t\t\t\t\t\t<div class=\"elementor-carousel-image\" style=\"background-image: url(https:\/\/fcv.unl.edu.ar\/citec\/wp-content\/uploads\/2025\/07\/Imagen-de-WhatsApp-2025-07-03-a-las-09.45.50_a7bd07f7.jpg)\">\n\n\t\t\t\n\t\t\t\t\t<\/div>\n\t\t\t\t\t\t\t\t<\/div>\n\t\t\t\t\t\t\t\t\t<\/div>\n\t\t\t\t\t\t\t\t\t\t\t\t\t\t\t<div class=\"swiper-pagination\"><\/div>\n\t\t\t\t\t\t\t\t\t\t\t\t\t\t\t\t<div class=\"elementor-swiper-button elementor-swiper-button-prev\">\n\t\t\t\t\t\t\t<i aria-hidden=\"true\" class=\"eicon-chevron-left\"><\/i>\t\t\t\t\t\t\t<span class=\"elementor-screen-only\">Previous<\/span>\n\t\t\t\t\t\t<\/div>\n\t\t\t\t\t\t<div class=\"elementor-swiper-button elementor-swiper-button-next\">\n\t\t\t\t\t\t\t<i aria-hidden=\"true\" class=\"eicon-chevron-right\"><\/i>\t\t\t\t\t\t\t<span class=\"elementor-screen-only\">Next<\/span>\n\t\t\t\t\t\t<\/div>\n\t\t\t\t\t\t\t\t\t\t\t\t<\/div>\n\t\t<\/div>\n\t\t\t\t<\/div>\n\t\t\t\t<\/div>\n\t\t\t\t\t\t<\/div>\n\t\t\t\t\t<\/div>\n\t\t<\/div>\n\t\t\t\t\t\t\t\t<\/div>\n\t\t\t\t\t<\/div>\n\t\t<\/section>\n\t\t\t\t\t\t\t\t\t<\/div>\n\t\t\t<\/div>\n\t\t\t\t\t<\/div>\n\t\t","protected":false},"excerpt":{"rendered":"<p>CITec llev\u00f3 adelante una nueva capacitaci\u00f3n sobre Inteligencia Artificial aplicada al aula. A trav\u00e9s de herramientas y reflexiones clave, se abordaron los desaf\u00edos y oportunidades que propone la IA en el campo pedag\u00f3gico.<\/p>\n","protected":false},"author":6,"featured_media":8765,"comment_status":"open","ping_status":"open","sticky":false,"template":"","format":"standard","meta":[],"categories":[26],"tags":[],"_links":{"self":[{"href":"https:\/\/fcv.unl.edu.ar\/citec\/index.php?rest_route=\/wp\/v2\/posts\/8749"}],"collection":[{"href":"https:\/\/fcv.unl.edu.ar\/citec\/index.php?rest_route=\/wp\/v2\/posts"}],"about":[{"href":"https:\/\/fcv.unl.edu.ar\/citec\/index.php?rest_route=\/wp\/v2\/types\/post"}],"author":[{"embeddable":true,"href":"https:\/\/fcv.unl.edu.ar\/citec\/index.php?rest_route=\/wp\/v2\/users\/6"}],"replies":[{"embeddable":true,"href":"https:\/\/fcv.unl.edu.ar\/citec\/index.php?rest_route=%2Fwp%2Fv2%2Fcomments&post=8749"}],"version-history":[{"count":8,"href":"https:\/\/fcv.unl.edu.ar\/citec\/index.php?rest_route=\/wp\/v2\/posts\/8749\/revisions"}],"predecessor-version":[{"id":8764,"href":"https:\/\/fcv.unl.edu.ar\/citec\/index.php?rest_route=\/wp\/v2\/posts\/8749\/revisions\/8764"}],"wp:featuredmedia":[{"embeddable":true,"href":"https:\/\/fcv.unl.edu.ar\/citec\/index.php?rest_route=\/wp\/v2\/media\/8765"}],"wp:attachment":[{"href":"https:\/\/fcv.unl.edu.ar\/citec\/index.php?rest_route=%2Fwp%2Fv2%2Fmedia&parent=8749"}],"wp:term":[{"taxonomy":"category","embeddable":true,"href":"https:\/\/fcv.unl.edu.ar\/citec\/index.php?rest_route=%2Fwp%2Fv2%2Fcategories&post=8749"},{"taxonomy":"post_tag","embeddable":true,"href":"https:\/\/fcv.unl.edu.ar\/citec\/index.php?rest_route=%2Fwp%2Fv2%2Ftags&post=8749"}],"curies":[{"name":"wp","href":"https:\/\/api.w.org\/{rel}","templated":true}]}}