{"id":8651,"date":"2025-07-01T11:30:14","date_gmt":"2025-07-01T14:30:14","guid":{"rendered":"https:\/\/fcv.unl.edu.ar\/citec\/?p=8651"},"modified":"2025-07-01T11:42:19","modified_gmt":"2025-07-01T14:42:19","slug":"2-puesto-premio-ilan-unl","status":"publish","type":"post","link":"https:\/\/fcv.unl.edu.ar\/citec\/?p=8651","title":{"rendered":"2\u00b0 puesto Premio ILAN-UNL"},"content":{"rendered":"\t\t<div data-elementor-type=\"wp-post\" data-elementor-id=\"8651\" class=\"elementor elementor-8651\">\n\t\t\t\t\t\t<div class=\"elementor-inner\">\n\t\t\t\t<div class=\"elementor-section-wrap\">\n\t\t\t\t\t\t\t\t\t<section class=\"elementor-section elementor-top-section elementor-element elementor-element-fa858fe elementor-section-boxed elementor-section-height-default elementor-section-height-default\" data-id=\"fa858fe\" data-element_type=\"section\">\n\t\t\t\t\t\t<div class=\"elementor-container elementor-column-gap-default\">\n\t\t\t\t\t\t\t<div class=\"elementor-row\">\n\t\t\t\t\t<div class=\"elementor-column elementor-col-100 elementor-top-column elementor-element elementor-element-0c4d6fe\" data-id=\"0c4d6fe\" data-element_type=\"column\">\n\t\t\t<div class=\"elementor-column-wrap elementor-element-populated\">\n\t\t\t\t\t\t\t<div class=\"elementor-widget-wrap\">\n\t\t\t\t\t\t<div class=\"elementor-element elementor-element-fd36613 elementor-widget elementor-widget-text-editor\" data-id=\"fd36613\" data-element_type=\"widget\" data-widget_type=\"text-editor.default\">\n\t\t\t\t<div class=\"elementor-widget-container\">\n\t\t\t\t\t\t\t\t<div class=\"elementor-text-editor elementor-clearfix\">\n\t\t\t\t<p data-start=\"457\" data-end=\"842\">Con orgullo compartimos que el proyecto <strong data-start=\"497\" data-end=\"577\">\u201cTecnolog\u00eda y Ciencia en Acci\u00f3n: Laboratorio de Qu\u00edmica en Realidad Virtual\u201d<\/strong>, desarrollado por el equipo de CITec junto a docentes de la <strong data-start=\"638\" data-end=\"660\">C\u00e1tedra de Qu\u00edmica<\/strong> de la <strong data-start=\"667\" data-end=\"714\">Facultad de Ciencias Veterinarias (FCV-UNL)<\/strong>, recibi\u00f3 el <strong data-start=\"727\" data-end=\"745\">segundo premio<\/strong> en la categor\u00eda <em data-start=\"762\" data-end=\"784\">Innovaci\u00f3n Educativa<\/em> de los <strong data-start=\"792\" data-end=\"841\">Premios ILAN \u2013 Israel Innovation Network 2025<\/strong>.<\/p><p data-start=\"844\" data-end=\"1254\">La propuesta fue reconocida por su capacidad para transformar la ense\u00f1anza de la qu\u00edmica mediante una experiencia inmersiva, segura e interactiva en un entorno 3D. A trav\u00e9s de gafas de realidad virtual, los y las estudiantes pueden recorrer un laboratorio, manipular materiales, observar reacciones y realizar pr\u00e1cticas que muchas veces no son posibles en el aula por cuestiones de seguridad o infraestructura.<\/p><p data-start=\"1256\" data-end=\"1576\">El proyecto fue presentado en el <strong data-start=\"1289\" data-end=\"1301\">Demo Day<\/strong>, realizado en el Rectorado de la UNL el 10 de abril de 2025, como parte de la convocatoria organizada por la <strong data-start=\"1411\" data-end=\"1453\">Universidad Nacional del Litoral (UNL)<\/strong> junto a <strong data-start=\"1462\" data-end=\"1498\">ILAN \u2013 Israel Innovation Network<\/strong>, que busca promover proyectos de innovaci\u00f3n universitaria con impacto social.<\/p><p data-start=\"1578\" data-end=\"1746\">El reconocimiento incluy\u00f3, adem\u00e1s, la posibilidad de integrar una delegaci\u00f3n que viajar\u00e1 a Israel en julio para vincularse con su ecosistema de innovaci\u00f3n y tecnolog\u00eda.<\/p><p data-start=\"1748\" data-end=\"1881\">Desde CITec celebramos este logro colectivo, fruto del trabajo colaborativo y del compromiso con la educaci\u00f3n mediada por tecnolog\u00eda.<\/p><p>Esta iniciativa fue reconocida por su aporte a la ense\u00f1anza de la qu\u00edmica, ofreciendo una experiencia inmersiva en un entorno virtual seguro, interactivo y auditivo. Gracias al uso de gafas de realidad virtual, los usuarios pueden manipular materiales, realizar pr\u00e1cticas y acceder a autoevaluaciones, lo que permite extender el acceso a instituciones y escuelas carentes de laboratorios tradicionales.<\/p><p>El desarrollo fue llevado adelante por un <strong>equipo interdisciplinario<\/strong> integrado por profesionales de CITec y docentes de la <strong>C\u00e1tedra de Qu\u00edmica<\/strong> de la <strong>Facultad de Ciencias Veterinarias (FCV)<\/strong> de la <strong>Universidad Nacional del Litoral (UNL)<\/strong>, en un trabajo colaborativo que fusiona saberes pedag\u00f3gicos, disciplinares y tecnol\u00f3gicos.<\/p><p>La convocatoria fue organizada por la <strong>Universidad Nacional del Litoral<\/strong>, en colaboraci\u00f3n con la <strong>Fundaci\u00f3n Israel Innovation Network (ILAN)<\/strong>, cuyo objetivo es \u201creconocer e impulsar proyectos universitarios de innovaci\u00f3n con un alto impacto social\u201d. Durante el <strong>Demo Day<\/strong>, llevado a cabo el 10 de abril de 2025 en el Rectorado de la UNL, \u00e9sta y otras iniciativas de compromiso social fueron premiadas.<\/p><p>El resultado incluye la oportunidad de integrarse a una delegaci\u00f3n internacional y viajar a Israel en julio de 2025 para conectar con el ecosistema de innovaci\u00f3n local.<\/p>\t\t\t\t\t<\/div>\n\t\t\t\t\t\t<\/div>\n\t\t\t\t<\/div>\n\t\t\t\t\t\t<\/div>\n\t\t\t\t\t<\/div>\n\t\t<\/div>\n\t\t\t\t\t\t\t\t<\/div>\n\t\t\t\t\t<\/div>\n\t\t<\/section>\n\t\t\t\t<section class=\"elementor-section elementor-top-section elementor-element elementor-element-7247425 elementor-section-boxed elementor-section-height-default elementor-section-height-default\" data-id=\"7247425\" data-element_type=\"section\">\n\t\t\t\t\t\t<div class=\"elementor-container elementor-column-gap-default\">\n\t\t\t\t\t\t\t<div class=\"elementor-row\">\n\t\t\t\t\t<div class=\"elementor-column elementor-col-100 elementor-top-column elementor-element elementor-element-c737e90\" data-id=\"c737e90\" data-element_type=\"column\">\n\t\t\t<div class=\"elementor-column-wrap elementor-element-populated\">\n\t\t\t\t\t\t\t<div class=\"elementor-widget-wrap\">\n\t\t\t\t\t\t<div class=\"elementor-element elementor-element-436b924 elementor-skin-carousel elementor-arrows-yes elementor-pagination-type-bullets elementor-pagination-position-outside elementor-widget elementor-widget-media-carousel\" data-id=\"436b924\" data-element_type=\"widget\" data-settings=\"{&quot;skin&quot;:&quot;carousel&quot;,&quot;effect&quot;:&quot;slide&quot;,&quot;show_arrows&quot;:&quot;yes&quot;,&quot;pagination&quot;:&quot;bullets&quot;,&quot;speed&quot;:500,&quot;autoplay&quot;:&quot;yes&quot;,&quot;autoplay_speed&quot;:5000,&quot;loop&quot;:&quot;yes&quot;,&quot;pause_on_hover&quot;:&quot;yes&quot;,&quot;pause_on_interaction&quot;:&quot;yes&quot;,&quot;space_between&quot;:{&quot;unit&quot;:&quot;px&quot;,&quot;size&quot;:10,&quot;sizes&quot;:[]},&quot;space_between_tablet&quot;:{&quot;unit&quot;:&quot;px&quot;,&quot;size&quot;:10,&quot;sizes&quot;:[]},&quot;space_between_mobile&quot;:{&quot;unit&quot;:&quot;px&quot;,&quot;size&quot;:10,&quot;sizes&quot;:[]}}\" data-widget_type=\"media-carousel.default\">\n\t\t\t\t<div class=\"elementor-widget-container\">\n\t\t\t\t\t<div class=\"elementor-swiper\">\n\t\t\t<div class=\"elementor-main-swiper swiper-container\">\n\t\t\t\t<div class=\"swiper-wrapper\">\n\t\t\t\t\t\t\t\t\t\t\t<div class=\"swiper-slide\">\n\t\t\t\t\t\t\t\t\t<div class=\"elementor-carousel-image\" style=\"background-image: url(https:\/\/fcv.unl.edu.ar\/citec\/wp-content\/uploads\/2025\/07\/Imagen-de-WhatsApp-2025-04-28-a-las-09.11.11_fde6558c-scaled.jpg)\">\n\n\t\t\t\n\t\t\t\t\t<\/div>\n\t\t\t\t\t\t\t\t<\/div>\n\t\t\t\t\t\t\t\t\t\t\t<div class=\"swiper-slide\">\n\t\t\t\t\t\t\t\t\t<div class=\"elementor-carousel-image\" style=\"background-image: url(https:\/\/fcv.unl.edu.ar\/citec\/wp-content\/uploads\/2025\/07\/DSC_9163.jpg)\">\n\n\t\t\t\n\t\t\t\t\t<\/div>\n\t\t\t\t\t\t\t\t<\/div>\n\t\t\t\t\t\t\t\t\t\t\t<div class=\"swiper-slide\">\n\t\t\t\t\t\t\t\t\t<div class=\"elementor-carousel-image\" style=\"background-image: url(https:\/\/fcv.unl.edu.ar\/citec\/wp-content\/uploads\/2025\/07\/DSC_9124.jpg)\">\n\n\t\t\t\n\t\t\t\t\t<\/div>\n\t\t\t\t\t\t\t\t<\/div>\n\t\t\t\t\t\t\t\t\t<\/div>\n\t\t\t\t\t\t\t\t\t\t\t\t\t\t\t<div class=\"swiper-pagination\"><\/div>\n\t\t\t\t\t\t\t\t\t\t\t\t\t\t\t\t<div class=\"elementor-swiper-button elementor-swiper-button-prev\">\n\t\t\t\t\t\t\t<i aria-hidden=\"true\" class=\"eicon-chevron-left\"><\/i>\t\t\t\t\t\t\t<span class=\"elementor-screen-only\">Previous<\/span>\n\t\t\t\t\t\t<\/div>\n\t\t\t\t\t\t<div class=\"elementor-swiper-button elementor-swiper-button-next\">\n\t\t\t\t\t\t\t<i aria-hidden=\"true\" class=\"eicon-chevron-right\"><\/i>\t\t\t\t\t\t\t<span class=\"elementor-screen-only\">Next<\/span>\n\t\t\t\t\t\t<\/div>\n\t\t\t\t\t\t\t\t\t\t\t\t<\/div>\n\t\t<\/div>\n\t\t\t\t<\/div>\n\t\t\t\t<\/div>\n\t\t\t\t\t\t<\/div>\n\t\t\t\t\t<\/div>\n\t\t<\/div>\n\t\t\t\t\t\t\t\t<\/div>\n\t\t\t\t\t<\/div>\n\t\t<\/section>\n\t\t\t\t<section class=\"elementor-section elementor-top-section elementor-element elementor-element-03b6f3c elementor-section-boxed elementor-section-height-default elementor-section-height-default\" data-id=\"03b6f3c\" data-element_type=\"section\">\n\t\t\t\t\t\t<div class=\"elementor-container elementor-column-gap-default\">\n\t\t\t\t\t\t\t<div class=\"elementor-row\">\n\t\t\t\t\t<div class=\"elementor-column elementor-col-100 elementor-top-column elementor-element elementor-element-7118d39\" data-id=\"7118d39\" data-element_type=\"column\">\n\t\t\t<div class=\"elementor-column-wrap elementor-element-populated\">\n\t\t\t\t\t\t\t<div class=\"elementor-widget-wrap\">\n\t\t\t\t\t\t<div class=\"elementor-element elementor-element-fd15752 elementor-widget elementor-widget-heading\" data-id=\"fd15752\" data-element_type=\"widget\" data-widget_type=\"heading.default\">\n\t\t\t\t<div class=\"elementor-widget-container\">\n\t\t\t<h2 class=\"elementor-heading-title elementor-size-default\">Reviv\u00ed el Demo Day<\/h2>\t\t<\/div>\n\t\t\t\t<\/div>\n\t\t\t\t<div class=\"elementor-element elementor-element-adf3f38 elementor-widget elementor-widget-text-editor\" data-id=\"adf3f38\" data-element_type=\"widget\" data-widget_type=\"text-editor.default\">\n\t\t\t\t<div class=\"elementor-widget-container\">\n\t\t\t\t\t\t\t\t<div class=\"elementor-text-editor elementor-clearfix\">\n\t\t\t\t<p>Para ver un resumen del evento, incluida la presentaci\u00f3n de nuestro proyecto, pod\u00e9s mirar este video:<\/p>\t\t\t\t\t<\/div>\n\t\t\t\t\t\t<\/div>\n\t\t\t\t<\/div>\n\t\t\t\t<div class=\"elementor-element elementor-element-c3b3e7f elementor-aspect-ratio-169 elementor-widget elementor-widget-video\" data-id=\"c3b3e7f\" data-element_type=\"widget\" data-settings=\"{&quot;youtube_url&quot;:&quot;https:\\\/\\\/youtu.be\\\/1N7lVW4oNmo&quot;,&quot;video_type&quot;:&quot;youtube&quot;,&quot;controls&quot;:&quot;yes&quot;,&quot;aspect_ratio&quot;:&quot;169&quot;}\" data-widget_type=\"video.default\">\n\t\t\t\t<div class=\"elementor-widget-container\">\n\t\t\t\t\t<div class=\"elementor-wrapper elementor-fit-aspect-ratio elementor-open-inline\">\n\t\t\t<div class=\"elementor-video\"><\/div>\t\t<\/div>\n\t\t\t\t<\/div>\n\t\t\t\t<\/div>\n\t\t\t\t\t\t<\/div>\n\t\t\t\t\t<\/div>\n\t\t<\/div>\n\t\t\t\t\t\t\t\t<\/div>\n\t\t\t\t\t<\/div>\n\t\t<\/section>\n\t\t\t\t\t\t\t\t\t<\/div>\n\t\t\t<\/div>\n\t\t\t\t\t<\/div>\n\t\t","protected":false},"excerpt":{"rendered":"<p>El proyecto de laboratorio de qu\u00edmica en realidad virtual obtuvo el segundo premio en ILAN 2025. Un reconocimiento a la innovaci\u00f3n educativa desarrollado por CITec junto a la FCV-UNL.<\/p>\n","protected":false},"author":6,"featured_media":8655,"comment_status":"open","ping_status":"open","sticky":false,"template":"","format":"standard","meta":[],"categories":[17,16,1],"tags":[],"_links":{"self":[{"href":"https:\/\/fcv.unl.edu.ar\/citec\/index.php?rest_route=\/wp\/v2\/posts\/8651"}],"collection":[{"href":"https:\/\/fcv.unl.edu.ar\/citec\/index.php?rest_route=\/wp\/v2\/posts"}],"about":[{"href":"https:\/\/fcv.unl.edu.ar\/citec\/index.php?rest_route=\/wp\/v2\/types\/post"}],"author":[{"embeddable":true,"href":"https:\/\/fcv.unl.edu.ar\/citec\/index.php?rest_route=\/wp\/v2\/users\/6"}],"replies":[{"embeddable":true,"href":"https:\/\/fcv.unl.edu.ar\/citec\/index.php?rest_route=%2Fwp%2Fv2%2Fcomments&post=8651"}],"version-history":[{"count":6,"href":"https:\/\/fcv.unl.edu.ar\/citec\/index.php?rest_route=\/wp\/v2\/posts\/8651\/revisions"}],"predecessor-version":[{"id":8663,"href":"https:\/\/fcv.unl.edu.ar\/citec\/index.php?rest_route=\/wp\/v2\/posts\/8651\/revisions\/8663"}],"wp:featuredmedia":[{"embeddable":true,"href":"https:\/\/fcv.unl.edu.ar\/citec\/index.php?rest_route=\/wp\/v2\/media\/8655"}],"wp:attachment":[{"href":"https:\/\/fcv.unl.edu.ar\/citec\/index.php?rest_route=%2Fwp%2Fv2%2Fmedia&parent=8651"}],"wp:term":[{"taxonomy":"category","embeddable":true,"href":"https:\/\/fcv.unl.edu.ar\/citec\/index.php?rest_route=%2Fwp%2Fv2%2Fcategories&post=8651"},{"taxonomy":"post_tag","embeddable":true,"href":"https:\/\/fcv.unl.edu.ar\/citec\/index.php?rest_route=%2Fwp%2Fv2%2Ftags&post=8651"}],"curies":[{"name":"wp","href":"https:\/\/api.w.org\/{rel}","templated":true}]}}