{"id":7461,"date":"2024-10-16T09:37:38","date_gmt":"2024-10-16T12:37:38","guid":{"rendered":"https:\/\/fcv.unl.edu.ar\/citec\/?p=7461"},"modified":"2024-10-19T10:34:12","modified_gmt":"2024-10-19T13:34:12","slug":"%f0%9d%97%9f%f0%9d%97%bc%f0%9d%98%80-%f0%9d%97%b2%f0%9d%98%80%f0%9d%98%81%f0%9d%98%82%f0%9d%97%b1%f0%9d%97%b6%f0%9d%97%ae%f0%9d%97%bb%f0%9d%98%81%f0%9d%97%b2%f0%9d%98%80-%f0%9d%97%b1%f0%9d%97%b2","status":"publish","type":"post","link":"https:\/\/fcv.unl.edu.ar\/citec\/?p=7461","title":{"rendered":"Compartiendo con instituciones"},"content":{"rendered":"\t\t<div data-elementor-type=\"wp-post\" data-elementor-id=\"7461\" class=\"elementor elementor-7461\">\n\t\t\t\t\t\t<div class=\"elementor-inner\">\n\t\t\t\t<div class=\"elementor-section-wrap\">\n\t\t\t\t\t\t\t\t\t<section class=\"elementor-section elementor-top-section elementor-element elementor-element-9f5ab54 elementor-section-boxed elementor-section-height-default elementor-section-height-default\" data-id=\"9f5ab54\" data-element_type=\"section\">\n\t\t\t\t\t\t<div class=\"elementor-container elementor-column-gap-default\">\n\t\t\t\t\t\t\t<div class=\"elementor-row\">\n\t\t\t\t\t<div class=\"elementor-column elementor-col-100 elementor-top-column elementor-element elementor-element-3f1fb10\" data-id=\"3f1fb10\" data-element_type=\"column\">\n\t\t\t<div class=\"elementor-column-wrap elementor-element-populated\">\n\t\t\t\t\t\t\t<div class=\"elementor-widget-wrap\">\n\t\t\t\t\t\t<div class=\"elementor-element elementor-element-253b43f elementor-widget elementor-widget-text-editor\" data-id=\"253b43f\" data-element_type=\"widget\" data-widget_type=\"text-editor.default\">\n\t\t\t\t<div class=\"elementor-widget-container\">\n\t\t\t\t\t\t\t\t<div class=\"elementor-text-editor elementor-clearfix\">\n\t\t\t\t<p>Recibimos la visita de los alumnos de 1\u00b0 a\u00f1o de las Tecnicaturas Superiores en Gesti\u00f3n Industrial y Desarrollo de Software, junto con los de 3\u00b0 a\u00f1o de Log\u00edstica.<br \/>Durante la visita, compartimos recursos en Realidad Virtual, Realidad Aumentada, Impresi\u00f3n 3D, desarrollo web&#8230; \u00a1y mucho m\u00e1s!\u00a0<\/p><p><span style=\"font-size: 14px; color: var( --e-global-color-text );\">Impulsamos estas experiencias que propician instancias de colaboraci\u00f3n, creaci\u00f3n y reflexi\u00f3n acerca de la integraci\u00f3n de tecnolog\u00eda en diferentes \u00e1mbitos.<\/span><\/p>\t\t\t\t\t<\/div>\n\t\t\t\t\t\t<\/div>\n\t\t\t\t<\/div>\n\t\t\t\t\t\t<\/div>\n\t\t\t\t\t<\/div>\n\t\t<\/div>\n\t\t\t\t\t\t\t\t<\/div>\n\t\t\t\t\t<\/div>\n\t\t<\/section>\n\t\t\t\t\t\t\t\t\t<\/div>\n\t\t\t<\/div>\n\t\t\t\t\t<\/div>\n\t\t","protected":false},"excerpt":{"rendered":"<p>Exitoso encuentro de intercambio de experiencias educativas<\/p>\n","protected":false},"author":5,"featured_media":7520,"comment_status":"open","ping_status":"open","sticky":false,"template":"","format":"standard","meta":[],"categories":[1],"tags":[],"_links":{"self":[{"href":"https:\/\/fcv.unl.edu.ar\/citec\/index.php?rest_route=\/wp\/v2\/posts\/7461"}],"collection":[{"href":"https:\/\/fcv.unl.edu.ar\/citec\/index.php?rest_route=\/wp\/v2\/posts"}],"about":[{"href":"https:\/\/fcv.unl.edu.ar\/citec\/index.php?rest_route=\/wp\/v2\/types\/post"}],"author":[{"embeddable":true,"href":"https:\/\/fcv.unl.edu.ar\/citec\/index.php?rest_route=\/wp\/v2\/users\/5"}],"replies":[{"embeddable":true,"href":"https:\/\/fcv.unl.edu.ar\/citec\/index.php?rest_route=%2Fwp%2Fv2%2Fcomments&post=7461"}],"version-history":[{"count":14,"href":"https:\/\/fcv.unl.edu.ar\/citec\/index.php?rest_route=\/wp\/v2\/posts\/7461\/revisions"}],"predecessor-version":[{"id":7533,"href":"https:\/\/fcv.unl.edu.ar\/citec\/index.php?rest_route=\/wp\/v2\/posts\/7461\/revisions\/7533"}],"wp:featuredmedia":[{"embeddable":true,"href":"https:\/\/fcv.unl.edu.ar\/citec\/index.php?rest_route=\/wp\/v2\/media\/7520"}],"wp:attachment":[{"href":"https:\/\/fcv.unl.edu.ar\/citec\/index.php?rest_route=%2Fwp%2Fv2%2Fmedia&parent=7461"}],"wp:term":[{"taxonomy":"category","embeddable":true,"href":"https:\/\/fcv.unl.edu.ar\/citec\/index.php?rest_route=%2Fwp%2Fv2%2Fcategories&post=7461"},{"taxonomy":"post_tag","embeddable":true,"href":"https:\/\/fcv.unl.edu.ar\/citec\/index.php?rest_route=%2Fwp%2Fv2%2Ftags&post=7461"}],"curies":[{"name":"wp","href":"https:\/\/api.w.org\/{rel}","templated":true}]}}