{"id":7276,"date":"2024-10-02T11:27:07","date_gmt":"2024-10-02T14:27:07","guid":{"rendered":"https:\/\/fcv.unl.edu.ar\/citec\/?p=7276"},"modified":"2024-10-19T11:02:17","modified_gmt":"2024-10-19T14:02:17","slug":"encuentro-con-la-universidad-veracruzana","status":"publish","type":"post","link":"https:\/\/fcv.unl.edu.ar\/citec\/?p=7276","title":{"rendered":"Encuentro con M\u00e9xico"},"content":{"rendered":"\t\t<div data-elementor-type=\"wp-post\" data-elementor-id=\"7276\" class=\"elementor elementor-7276\">\n\t\t\t\t\t\t<div class=\"elementor-inner\">\n\t\t\t\t<div class=\"elementor-section-wrap\">\n\t\t\t\t\t\t\t\t\t<section class=\"elementor-section elementor-top-section elementor-element elementor-element-9f5ab54 elementor-section-boxed elementor-section-height-default elementor-section-height-default\" data-id=\"9f5ab54\" data-element_type=\"section\">\n\t\t\t\t\t\t<div class=\"elementor-container elementor-column-gap-default\">\n\t\t\t\t\t\t\t<div class=\"elementor-row\">\n\t\t\t\t\t<div class=\"elementor-column elementor-col-100 elementor-top-column elementor-element elementor-element-3f1fb10\" data-id=\"3f1fb10\" data-element_type=\"column\">\n\t\t\t<div class=\"elementor-column-wrap elementor-element-populated\">\n\t\t\t\t\t\t\t<div class=\"elementor-widget-wrap\">\n\t\t\t\t\t\t<div class=\"elementor-element elementor-element-253b43f elementor-widget elementor-widget-text-editor\" data-id=\"253b43f\" data-element_type=\"widget\" data-widget_type=\"text-editor.default\">\n\t\t\t\t<div class=\"elementor-widget-container\">\n\t\t\t\t\t\t\t\t<div class=\"elementor-text-editor elementor-clearfix\">\n\t\t\t\t<p>El d\u00eda 25 de junio, tuvimos el placer de recibir a la Prof. Adriana C\u00e1ceres G\u00f3mez, coordinadora de Cooperaci\u00f3n Acad\u00e9mica de la Universidad Veracruzana (M\u00e9xico).<\/p><p>agradecemos este valioso intercambio de experiencias educativas.<\/p>\t\t\t\t\t<\/div>\n\t\t\t\t\t\t<\/div>\n\t\t\t\t<\/div>\n\t\t\t\t\t\t<\/div>\n\t\t\t\t\t<\/div>\n\t\t<\/div>\n\t\t\t\t\t\t\t\t<\/div>\n\t\t\t\t\t<\/div>\n\t\t<\/section>\n\t\t\t\t<section class=\"elementor-section elementor-top-section elementor-element elementor-element-2745e3b elementor-section-boxed elementor-section-height-default elementor-section-height-default\" data-id=\"2745e3b\" data-element_type=\"section\">\n\t\t\t\t\t\t<div class=\"elementor-container elementor-column-gap-default\">\n\t\t\t\t\t\t\t<div class=\"elementor-row\">\n\t\t\t\t\t<div class=\"elementor-column elementor-col-50 elementor-top-column elementor-element elementor-element-4162742\" data-id=\"4162742\" data-element_type=\"column\">\n\t\t\t<div class=\"elementor-column-wrap elementor-element-populated\">\n\t\t\t\t\t\t\t<div class=\"elementor-widget-wrap\">\n\t\t\t\t\t\t<div class=\"elementor-element elementor-element-be4dc34 elementor-widget elementor-widget-image\" data-id=\"be4dc34\" data-element_type=\"widget\" data-widget_type=\"image.default\">\n\t\t\t\t<div class=\"elementor-widget-container\">\n\t\t\t\t\t\t\t\t<div class=\"elementor-image\">\n\t\t\t\t\t\t\t\t\t\t\t\t<img width=\"777\" height=\"1024\" src=\"https:\/\/fcv.unl.edu.ar\/citec\/wp-content\/uploads\/2024\/10\/20240625_142038-777x1024.jpg\" class=\"attachment-large size-large\" alt=\"\" loading=\"lazy\" srcset=\"https:\/\/fcv.unl.edu.ar\/citec\/wp-content\/uploads\/2024\/10\/20240625_142038-777x1024.jpg 777w, https:\/\/fcv.unl.edu.ar\/citec\/wp-content\/uploads\/2024\/10\/20240625_142038-228x300.jpg 228w, https:\/\/fcv.unl.edu.ar\/citec\/wp-content\/uploads\/2024\/10\/20240625_142038-768x1012.jpg 768w, https:\/\/fcv.unl.edu.ar\/citec\/wp-content\/uploads\/2024\/10\/20240625_142038-1165x1536.jpg 1165w, https:\/\/fcv.unl.edu.ar\/citec\/wp-content\/uploads\/2024\/10\/20240625_142038-1554x2048.jpg 1554w, https:\/\/fcv.unl.edu.ar\/citec\/wp-content\/uploads\/2024\/10\/20240625_142038-scaled.jpg 1942w\" sizes=\"(max-width: 777px) 100vw, 777px\" \/>\t\t\t\t\t\t\t\t\t\t\t\t\t\t<\/div>\n\t\t\t\t\t\t<\/div>\n\t\t\t\t<\/div>\n\t\t\t\t\t\t<\/div>\n\t\t\t\t\t<\/div>\n\t\t<\/div>\n\t\t\t\t<div class=\"elementor-column elementor-col-50 elementor-top-column elementor-element elementor-element-91f2a1e\" data-id=\"91f2a1e\" data-element_type=\"column\">\n\t\t\t<div class=\"elementor-column-wrap elementor-element-populated\">\n\t\t\t\t\t\t\t<div class=\"elementor-widget-wrap\">\n\t\t\t\t\t\t<div class=\"elementor-element elementor-element-be6678b elementor-widget elementor-widget-image\" data-id=\"be6678b\" data-element_type=\"widget\" data-widget_type=\"image.default\">\n\t\t\t\t<div class=\"elementor-widget-container\">\n\t\t\t\t\t\t\t\t<div class=\"elementor-image\">\n\t\t\t\t\t\t\t\t\t\t\t\t<img width=\"794\" height=\"1024\" src=\"https:\/\/fcv.unl.edu.ar\/citec\/wp-content\/uploads\/2024\/10\/20240625_142325-794x1024.jpg\" class=\"attachment-large size-large\" alt=\"\" loading=\"lazy\" srcset=\"https:\/\/fcv.unl.edu.ar\/citec\/wp-content\/uploads\/2024\/10\/20240625_142325-794x1024.jpg 794w, https:\/\/fcv.unl.edu.ar\/citec\/wp-content\/uploads\/2024\/10\/20240625_142325-233x300.jpg 233w, https:\/\/fcv.unl.edu.ar\/citec\/wp-content\/uploads\/2024\/10\/20240625_142325-768x991.jpg 768w, https:\/\/fcv.unl.edu.ar\/citec\/wp-content\/uploads\/2024\/10\/20240625_142325-1190x1536.jpg 1190w, https:\/\/fcv.unl.edu.ar\/citec\/wp-content\/uploads\/2024\/10\/20240625_142325-1587x2048.jpg 1587w, https:\/\/fcv.unl.edu.ar\/citec\/wp-content\/uploads\/2024\/10\/20240625_142325-scaled.jpg 1984w\" sizes=\"(max-width: 794px) 100vw, 794px\" \/>\t\t\t\t\t\t\t\t\t\t\t\t\t\t<\/div>\n\t\t\t\t\t\t<\/div>\n\t\t\t\t<\/div>\n\t\t\t\t\t\t<\/div>\n\t\t\t\t\t<\/div>\n\t\t<\/div>\n\t\t\t\t\t\t\t\t<\/div>\n\t\t\t\t\t<\/div>\n\t\t<\/section>\n\t\t\t\t\t\t\t\t\t<\/div>\n\t\t\t<\/div>\n\t\t\t\t\t<\/div>\n\t\t","protected":false},"excerpt":{"rendered":"<p>Exitoso encuentro de intercambio de experiencias educativas<\/p>\n","protected":false},"author":5,"featured_media":7551,"comment_status":"open","ping_status":"open","sticky":false,"template":"","format":"standard","meta":[],"categories":[25,24,17,16],"tags":[],"_links":{"self":[{"href":"https:\/\/fcv.unl.edu.ar\/citec\/index.php?rest_route=\/wp\/v2\/posts\/7276"}],"collection":[{"href":"https:\/\/fcv.unl.edu.ar\/citec\/index.php?rest_route=\/wp\/v2\/posts"}],"about":[{"href":"https:\/\/fcv.unl.edu.ar\/citec\/index.php?rest_route=\/wp\/v2\/types\/post"}],"author":[{"embeddable":true,"href":"https:\/\/fcv.unl.edu.ar\/citec\/index.php?rest_route=\/wp\/v2\/users\/5"}],"replies":[{"embeddable":true,"href":"https:\/\/fcv.unl.edu.ar\/citec\/index.php?rest_route=%2Fwp%2Fv2%2Fcomments&post=7276"}],"version-history":[{"count":24,"href":"https:\/\/fcv.unl.edu.ar\/citec\/index.php?rest_route=\/wp\/v2\/posts\/7276\/revisions"}],"predecessor-version":[{"id":7554,"href":"https:\/\/fcv.unl.edu.ar\/citec\/index.php?rest_route=\/wp\/v2\/posts\/7276\/revisions\/7554"}],"wp:featuredmedia":[{"embeddable":true,"href":"https:\/\/fcv.unl.edu.ar\/citec\/index.php?rest_route=\/wp\/v2\/media\/7551"}],"wp:attachment":[{"href":"https:\/\/fcv.unl.edu.ar\/citec\/index.php?rest_route=%2Fwp%2Fv2%2Fmedia&parent=7276"}],"wp:term":[{"taxonomy":"category","embeddable":true,"href":"https:\/\/fcv.unl.edu.ar\/citec\/index.php?rest_route=%2Fwp%2Fv2%2Fcategories&post=7276"},{"taxonomy":"post_tag","embeddable":true,"href":"https:\/\/fcv.unl.edu.ar\/citec\/index.php?rest_route=%2Fwp%2Fv2%2Ftags&post=7276"}],"curies":[{"name":"wp","href":"https:\/\/api.w.org\/{rel}","templated":true}]}}