{"id":7068,"date":"2024-08-14T12:44:19","date_gmt":"2024-08-14T15:44:19","guid":{"rendered":"https:\/\/fcv.unl.edu.ar\/citec\/?p=7068"},"modified":"2024-10-19T11:51:49","modified_gmt":"2024-10-19T14:51:49","slug":"curso-de-formacion-inteligencia-artificial-para-docentes-introduccion","status":"publish","type":"post","link":"https:\/\/fcv.unl.edu.ar\/citec\/?p=7068","title":{"rendered":"Capacitaci\u00f3n para docentes"},"content":{"rendered":"\t\t<div data-elementor-type=\"wp-post\" data-elementor-id=\"7068\" class=\"elementor elementor-7068\">\n\t\t\t\t\t\t<div class=\"elementor-inner\">\n\t\t\t\t<div class=\"elementor-section-wrap\">\n\t\t\t\t\t\t\t\t\t<section class=\"elementor-section elementor-top-section elementor-element elementor-element-128ae72 elementor-section-boxed elementor-section-height-default elementor-section-height-default\" data-id=\"128ae72\" data-element_type=\"section\">\n\t\t\t\t\t\t<div class=\"elementor-container elementor-column-gap-default\">\n\t\t\t\t\t\t\t<div class=\"elementor-row\">\n\t\t\t\t\t<div class=\"elementor-column elementor-col-100 elementor-top-column elementor-element elementor-element-fccea79\" data-id=\"fccea79\" data-element_type=\"column\">\n\t\t\t<div class=\"elementor-column-wrap elementor-element-populated\">\n\t\t\t\t\t\t\t<div class=\"elementor-widget-wrap\">\n\t\t\t\t\t\t<div class=\"elementor-element elementor-element-84ab0bd elementor-widget elementor-widget-image\" data-id=\"84ab0bd\" data-element_type=\"widget\" data-widget_type=\"image.default\">\n\t\t\t\t<div class=\"elementor-widget-container\">\n\t\t\t\t\t\t\t\t<div class=\"elementor-image\">\n\t\t\t\t\t\t\t\t\t\t\t\t<img width=\"1024\" height=\"266\" src=\"https:\/\/fcv.unl.edu.ar\/citec\/wp-content\/uploads\/2024\/08\/portada-nueva-1024x266.jpg\" class=\"attachment-large size-large\" alt=\"\" loading=\"lazy\" srcset=\"https:\/\/fcv.unl.edu.ar\/citec\/wp-content\/uploads\/2024\/08\/portada-nueva-1024x266.jpg 1024w, https:\/\/fcv.unl.edu.ar\/citec\/wp-content\/uploads\/2024\/08\/portada-nueva-300x78.jpg 300w, https:\/\/fcv.unl.edu.ar\/citec\/wp-content\/uploads\/2024\/08\/portada-nueva-768x200.jpg 768w, https:\/\/fcv.unl.edu.ar\/citec\/wp-content\/uploads\/2024\/08\/portada-nueva.jpg 1107w\" sizes=\"(max-width: 1024px) 100vw, 1024px\" \/>\t\t\t\t\t\t\t\t\t\t\t\t\t\t<\/div>\n\t\t\t\t\t\t<\/div>\n\t\t\t\t<\/div>\n\t\t\t\t<div class=\"elementor-element elementor-element-da58af2 elementor-widget elementor-widget-text-editor\" data-id=\"da58af2\" data-element_type=\"widget\" data-widget_type=\"text-editor.default\">\n\t\t\t\t<div class=\"elementor-widget-container\">\n\t\t\t\t\t\t\t\t<div class=\"elementor-text-editor elementor-clearfix\">\n\t\t\t\t<p>Compartimos la realizaci\u00f3n del Curso de Inteligencia Artificial para docentes propuesto desde el \u00e1rea de Formaci\u00f3n del Centro .\u00a0\u00a0<span style=\"font-size: 14px; color: var( --e-global-color-text );\">Esta capacitaci\u00f3n facilit\u00f3 el acceso a innovadores<\/span><span style=\"font-family: 'Libre Franklin', sans-serif; font-size: 14px; font-style: normal; font-variant-ligatures: normal; font-variant-caps: normal; font-weight: 400; color: var( --e-global-color-text );\">\u00a0conceptos, como as\u00ed tambi\u00e9n, la posibilidad de desarrollar <\/span><span style=\"color: var( --e-global-color-text ); font-size: 14px;\">competencias que facilitan la integraci\u00f3n de los mismos\u00a0<\/span><span style=\"font-family: 'Libre Franklin', sans-serif; font-size: 14px; font-style: normal; font-variant-ligatures: normal; font-variant-caps: normal; font-weight: 400; color: var( --e-global-color-text );\">en las pr\u00e1cticas pedag\u00f3gicas, favoreciendo la innovaci\u00f3n y el enriquecimiento del proceso de ense\u00f1anza y aprendizaje.\u00a0<\/span><\/p><p><span style=\"font-size: 14px; color: var( --e-global-color-text );\">Se desarrollaron tres encuentros presenciales en\u00a0el\u00a0Aula de Inform\u00e1tica Compartida (FCA-FCV).\u00a0 Campus FAVE, con la presencia de docentes de diversas Instituciones Educativas (FCA-FCV-FHUC de UNL;\u00a0 Colegio Nuestra Se\u00f1ora del Huerto N\u00b0 1019; Escuela de formaci\u00f3n t\u00e9cnica\u00a0 EETP N\u00b0 455 y E.E.S.O.P.I. N\u00b0 8076\u00a0<\/span><span style=\"font-family: 'Libre Franklin', sans-serif; font-size: 14px; font-style: normal; font-variant-ligatures: normal; font-variant-caps: normal; font-weight: 400; color: var( --e-global-color-text );\">de la ciudad de Esperanza y<\/span><span style=\"font-family: 'Libre Franklin', sans-serif; font-size: 14px; font-style: normal; font-variant-ligatures: normal; font-variant-caps: normal; font-weight: 400; color: var( --e-global-color-text );\">\u00a0<\/span><span style=\"font-family: 'Libre Franklin', sans-serif; font-size: 14px; font-style: normal; font-variant-ligatures: normal; font-variant-caps: normal; font-weight: 400; color: var( --e-global-color-text );\">Colegio Santa Marta N\u00b0 8153 de la ciudad de Pilar<\/span><span style=\"font-size: 14px; color: var( --e-global-color-text );\">).<\/span><\/p><p>El trayecto desarrollado bajo la metodolog\u00eda h\u00edbrida, cont\u00f3 con un Ambiente Virtual que permiti\u00f3 el acceso al material como as\u00ed tambi\u00e9n, espacios de expresi\u00f3n, di\u00e1logo e intercambio enriqueciendo la experiencia.<\/p>\t\t\t\t\t<\/div>\n\t\t\t\t\t\t<\/div>\n\t\t\t\t<\/div>\n\t\t\t\t\t\t<\/div>\n\t\t\t\t\t<\/div>\n\t\t<\/div>\n\t\t\t\t\t\t\t\t<\/div>\n\t\t\t\t\t<\/div>\n\t\t<\/section>\n\t\t\t\t<section class=\"elementor-section elementor-top-section elementor-element elementor-element-db2b8de elementor-section-boxed elementor-section-height-default elementor-section-height-default\" data-id=\"db2b8de\" data-element_type=\"section\">\n\t\t\t\t\t\t<div class=\"elementor-container elementor-column-gap-default\">\n\t\t\t\t\t\t\t<div class=\"elementor-row\">\n\t\t\t\t\t<div class=\"elementor-column elementor-col-100 elementor-top-column elementor-element elementor-element-2c1b3bb\" data-id=\"2c1b3bb\" data-element_type=\"column\">\n\t\t\t<div class=\"elementor-column-wrap elementor-element-populated\">\n\t\t\t\t\t\t\t<div class=\"elementor-widget-wrap\">\n\t\t\t\t\t\t<div class=\"elementor-element elementor-element-a0879f1 elementor-widget elementor-widget-text-editor\" data-id=\"a0879f1\" data-element_type=\"widget\" data-widget_type=\"text-editor.default\">\n\t\t\t\t<div class=\"elementor-widget-container\">\n\t\t\t\t\t\t\t\t<div class=\"elementor-text-editor elementor-clearfix\">\n\t\t\t\t<p><span style=\"font-family: 'Libre Franklin', sans-serif; font-size: 14px; font-style: normal; font-variant-ligatures: normal; font-variant-caps: normal; font-weight: 400;\">Expresamos nuestro agradecimiento a todos los docentes que participaron. Su confianza, compromiso, dedicaci\u00f3n y entusiasmo fueron fundamentales para el desarrollo de este Trayecto Formativo permiti\u00e9ndonos crecer y avanzar interdisciplinaria y colaborativamente.\u00a0<\/span><\/p>\t\t\t\t\t<\/div>\n\t\t\t\t\t\t<\/div>\n\t\t\t\t<\/div>\n\t\t\t\t<div class=\"elementor-element elementor-element-172c151 elementor-skin-carousel elementor-arrows-yes elementor-pagination-type-bullets elementor-pagination-position-outside elementor-widget elementor-widget-media-carousel\" data-id=\"172c151\" data-element_type=\"widget\" data-settings=\"{&quot;skin&quot;:&quot;carousel&quot;,&quot;effect&quot;:&quot;slide&quot;,&quot;show_arrows&quot;:&quot;yes&quot;,&quot;pagination&quot;:&quot;bullets&quot;,&quot;speed&quot;:500,&quot;autoplay&quot;:&quot;yes&quot;,&quot;autoplay_speed&quot;:5000,&quot;loop&quot;:&quot;yes&quot;,&quot;pause_on_hover&quot;:&quot;yes&quot;,&quot;pause_on_interaction&quot;:&quot;yes&quot;,&quot;space_between&quot;:{&quot;unit&quot;:&quot;px&quot;,&quot;size&quot;:10,&quot;sizes&quot;:[]},&quot;space_between_tablet&quot;:{&quot;unit&quot;:&quot;px&quot;,&quot;size&quot;:10,&quot;sizes&quot;:[]},&quot;space_between_mobile&quot;:{&quot;unit&quot;:&quot;px&quot;,&quot;size&quot;:10,&quot;sizes&quot;:[]}}\" data-widget_type=\"media-carousel.default\">\n\t\t\t\t<div class=\"elementor-widget-container\">\n\t\t\t\t\t<div class=\"elementor-swiper\">\n\t\t\t<div class=\"elementor-main-swiper swiper-container\">\n\t\t\t\t<div class=\"swiper-wrapper\">\n\t\t\t\t\t\t\t\t\t\t\t<div class=\"swiper-slide\">\n\t\t\t\t\t\t\t\t\t<div class=\"elementor-carousel-image\" style=\"background-image: url(https:\/\/fcv.unl.edu.ar\/citec\/wp-content\/uploads\/2024\/08\/DSC_7346-scaled.jpg)\">\n\n\t\t\t\n\t\t\t\t\t<\/div>\n\t\t\t\t\t\t\t\t<\/div>\n\t\t\t\t\t\t\t\t\t\t\t<div class=\"swiper-slide\">\n\t\t\t\t\t\t\t\t\t<div class=\"elementor-carousel-image\" style=\"background-image: url(https:\/\/fcv.unl.edu.ar\/citec\/wp-content\/uploads\/2024\/08\/WhatsApp-Image-2024-07-30-at-12.54.05-PM.jpeg)\">\n\n\t\t\t\n\t\t\t\t\t<\/div>\n\t\t\t\t\t\t\t\t<\/div>\n\t\t\t\t\t\t\t\t\t\t\t<div class=\"swiper-slide\">\n\t\t\t\t\t\t\t\t\t<div class=\"elementor-carousel-image\" style=\"background-image: url(https:\/\/fcv.unl.edu.ar\/citec\/wp-content\/uploads\/2024\/08\/DSC_7355-1-scaled.jpg)\">\n\n\t\t\t\n\t\t\t\t\t<\/div>\n\t\t\t\t\t\t\t\t<\/div>\n\t\t\t\t\t\t\t\t\t\t\t<div class=\"swiper-slide\">\n\t\t\t\t\t\t\t\t\t<div class=\"elementor-carousel-image\" style=\"background-image: url(https:\/\/fcv.unl.edu.ar\/citec\/wp-content\/uploads\/2024\/08\/DSC_7360-scaled.jpg)\">\n\n\t\t\t\n\t\t\t\t\t<\/div>\n\t\t\t\t\t\t\t\t<\/div>\n\t\t\t\t\t\t\t\t\t\t\t<div class=\"swiper-slide\">\n\t\t\t\t\t\t\t\t\t<div class=\"elementor-carousel-image\" style=\"background-image: url(https:\/\/fcv.unl.edu.ar\/citec\/wp-content\/uploads\/2024\/08\/WhatsApp-Image-2024-07-30-at-12.54.06-PM.jpeg)\">\n\n\t\t\t\n\t\t\t\t\t<\/div>\n\t\t\t\t\t\t\t\t<\/div>\n\t\t\t\t\t\t\t\t\t\t\t<div class=\"swiper-slide\">\n\t\t\t\t\t\t\t\t\t<div class=\"elementor-carousel-image\" style=\"background-image: url(https:\/\/fcv.unl.edu.ar\/citec\/wp-content\/uploads\/2024\/08\/DSC_7348-scaled.jpg)\">\n\n\t\t\t\n\t\t\t\t\t<\/div>\n\t\t\t\t\t\t\t\t<\/div>\n\t\t\t\t\t\t\t\t\t<\/div>\n\t\t\t\t\t\t\t\t\t\t\t\t\t\t\t<div class=\"swiper-pagination\"><\/div>\n\t\t\t\t\t\t\t\t\t\t\t\t\t\t\t\t<div class=\"elementor-swiper-button elementor-swiper-button-prev\">\n\t\t\t\t\t\t\t<i aria-hidden=\"true\" class=\"eicon-chevron-left\"><\/i>\t\t\t\t\t\t\t<span class=\"elementor-screen-only\">Previous<\/span>\n\t\t\t\t\t\t<\/div>\n\t\t\t\t\t\t<div class=\"elementor-swiper-button elementor-swiper-button-next\">\n\t\t\t\t\t\t\t<i aria-hidden=\"true\" class=\"eicon-chevron-right\"><\/i>\t\t\t\t\t\t\t<span class=\"elementor-screen-only\">Next<\/span>\n\t\t\t\t\t\t<\/div>\n\t\t\t\t\t\t\t\t\t\t\t\t<\/div>\n\t\t<\/div>\n\t\t\t\t<\/div>\n\t\t\t\t<\/div>\n\t\t\t\t\t\t<\/div>\n\t\t\t\t\t<\/div>\n\t\t<\/div>\n\t\t\t\t\t\t\t\t<\/div>\n\t\t\t\t\t<\/div>\n\t\t<\/section>\n\t\t\t\t\t\t\t\t\t<\/div>\n\t\t\t<\/div>\n\t\t\t\t\t<\/div>\n\t\t","protected":false},"excerpt":{"rendered":"<p>Se llev\u00f3 adelante la capacitaci\u00f3n en Inteligencia Artificial. <\/p>\n","protected":false},"author":5,"featured_media":7583,"comment_status":"open","ping_status":"open","sticky":false,"template":"","format":"standard","meta":[],"categories":[26,24,17,16],"tags":[],"_links":{"self":[{"href":"https:\/\/fcv.unl.edu.ar\/citec\/index.php?rest_route=\/wp\/v2\/posts\/7068"}],"collection":[{"href":"https:\/\/fcv.unl.edu.ar\/citec\/index.php?rest_route=\/wp\/v2\/posts"}],"about":[{"href":"https:\/\/fcv.unl.edu.ar\/citec\/index.php?rest_route=\/wp\/v2\/types\/post"}],"author":[{"embeddable":true,"href":"https:\/\/fcv.unl.edu.ar\/citec\/index.php?rest_route=\/wp\/v2\/users\/5"}],"replies":[{"embeddable":true,"href":"https:\/\/fcv.unl.edu.ar\/citec\/index.php?rest_route=%2Fwp%2Fv2%2Fcomments&post=7068"}],"version-history":[{"count":69,"href":"https:\/\/fcv.unl.edu.ar\/citec\/index.php?rest_route=\/wp\/v2\/posts\/7068\/revisions"}],"predecessor-version":[{"id":7590,"href":"https:\/\/fcv.unl.edu.ar\/citec\/index.php?rest_route=\/wp\/v2\/posts\/7068\/revisions\/7590"}],"wp:featuredmedia":[{"embeddable":true,"href":"https:\/\/fcv.unl.edu.ar\/citec\/index.php?rest_route=\/wp\/v2\/media\/7583"}],"wp:attachment":[{"href":"https:\/\/fcv.unl.edu.ar\/citec\/index.php?rest_route=%2Fwp%2Fv2%2Fmedia&parent=7068"}],"wp:term":[{"taxonomy":"category","embeddable":true,"href":"https:\/\/fcv.unl.edu.ar\/citec\/index.php?rest_route=%2Fwp%2Fv2%2Fcategories&post=7068"},{"taxonomy":"post_tag","embeddable":true,"href":"https:\/\/fcv.unl.edu.ar\/citec\/index.php?rest_route=%2Fwp%2Fv2%2Ftags&post=7068"}],"curies":[{"name":"wp","href":"https:\/\/api.w.org\/{rel}","templated":true}]}}