{"id":6975,"date":"2024-06-27T10:14:44","date_gmt":"2024-06-27T13:14:44","guid":{"rendered":"https:\/\/fcv.unl.edu.ar\/citec\/?p=6975"},"modified":"2024-10-09T10:22:47","modified_gmt":"2024-10-09T13:22:47","slug":"acompanando-una-iniciativa-de-extension","status":"publish","type":"post","link":"https:\/\/fcv.unl.edu.ar\/citec\/?p=6975","title":{"rendered":"Acompa\u00f1ando una iniciativa de Extensi\u00f3n"},"content":{"rendered":"\t\t<div data-elementor-type=\"wp-post\" data-elementor-id=\"6975\" class=\"elementor elementor-6975\">\n\t\t\t\t\t\t<div class=\"elementor-inner\">\n\t\t\t\t<div class=\"elementor-section-wrap\">\n\t\t\t\t\t\t\t\t\t<section class=\"elementor-section elementor-top-section elementor-element elementor-element-9f5ab54 elementor-section-boxed elementor-section-height-default elementor-section-height-default\" data-id=\"9f5ab54\" data-element_type=\"section\">\n\t\t\t\t\t\t<div class=\"elementor-container elementor-column-gap-default\">\n\t\t\t\t\t\t\t<div class=\"elementor-row\">\n\t\t\t\t\t<div class=\"elementor-column elementor-col-100 elementor-top-column elementor-element elementor-element-3f1fb10\" data-id=\"3f1fb10\" data-element_type=\"column\">\n\t\t\t<div class=\"elementor-column-wrap elementor-element-populated\">\n\t\t\t\t\t\t\t<div class=\"elementor-widget-wrap\">\n\t\t\t\t\t\t<div class=\"elementor-element elementor-element-253b43f elementor-widget elementor-widget-text-editor\" data-id=\"253b43f\" data-element_type=\"widget\" data-widget_type=\"text-editor.default\">\n\t\t\t\t<div class=\"elementor-widget-container\">\n\t\t\t\t\t\t\t\t<div class=\"elementor-text-editor elementor-clearfix\">\n\t\t\t\t<p>El d\u00eda 27 de junio de 2024 compartimos la visita de docentes y alumnos de Escuelas Rurales, integrantes del Proyecto de Extensi\u00f3n en el marco del Programa \u201cSigamos Estudiando\u201d, de la Secretar\u00eda de Pol\u00edticas Universitarias de la Naci\u00f3n. En la visita compartimos los recursos educativos que se utilizan en diversas pr\u00e1cticas educativas de nuestra Instituci\u00f3n.\u00a0<\/p><p>Agradecemos al equipo extensionista la invitaci\u00f3n.<\/p>\t\t\t\t\t<\/div>\n\t\t\t\t\t\t<\/div>\n\t\t\t\t<\/div>\n\t\t\t\t\t\t<\/div>\n\t\t\t\t\t<\/div>\n\t\t<\/div>\n\t\t\t\t\t\t\t\t<\/div>\n\t\t\t\t\t<\/div>\n\t\t<\/section>\n\t\t\t\t<section class=\"elementor-section elementor-top-section elementor-element elementor-element-f14078f elementor-section-boxed elementor-section-height-default elementor-section-height-default\" data-id=\"f14078f\" data-element_type=\"section\">\n\t\t\t\t\t\t<div class=\"elementor-container elementor-column-gap-default\">\n\t\t\t\t\t\t\t<div class=\"elementor-row\">\n\t\t\t\t\t<div class=\"elementor-column elementor-col-100 elementor-top-column elementor-element elementor-element-b6cc7f7\" data-id=\"b6cc7f7\" data-element_type=\"column\">\n\t\t\t<div class=\"elementor-column-wrap elementor-element-populated\">\n\t\t\t\t\t\t\t<div class=\"elementor-widget-wrap\">\n\t\t\t\t\t\t<div class=\"elementor-element elementor-element-a008e1f elementor-widget elementor-widget-gallery\" data-id=\"a008e1f\" data-element_type=\"widget\" data-settings=\"{&quot;lazyload&quot;:&quot;yes&quot;,&quot;gallery_layout&quot;:&quot;grid&quot;,&quot;columns&quot;:4,&quot;columns_tablet&quot;:2,&quot;columns_mobile&quot;:1,&quot;gap&quot;:{&quot;unit&quot;:&quot;px&quot;,&quot;size&quot;:10,&quot;sizes&quot;:[]},&quot;gap_tablet&quot;:{&quot;unit&quot;:&quot;px&quot;,&quot;size&quot;:10,&quot;sizes&quot;:[]},&quot;gap_mobile&quot;:{&quot;unit&quot;:&quot;px&quot;,&quot;size&quot;:10,&quot;sizes&quot;:[]},&quot;link_to&quot;:&quot;file&quot;,&quot;aspect_ratio&quot;:&quot;3:2&quot;,&quot;overlay_background&quot;:&quot;yes&quot;,&quot;content_hover_animation&quot;:&quot;fade-in&quot;}\" data-widget_type=\"gallery.default\">\n\t\t\t\t<div class=\"elementor-widget-container\">\n\t\t\t\t\t<div class=\"elementor-gallery__container\">\n\t\t\t\t\t\t\t<a class=\"e-gallery-item elementor-gallery-item elementor-animated-content\" href=\"https:\/\/fcv.unl.edu.ar\/citec\/wp-content\/uploads\/2024\/08\/DSC_7244-scaled.jpg\" data-elementor-open-lightbox=\"yes\" data-elementor-lightbox-slideshow=\"all-a008e1f\" data-elementor-lightbox-title=\"DSC_7244\" e-action-hash=\"#elementor-action%3Aaction%3Dlightbox%26settings%3DeyJpZCI6NzAxMSwidXJsIjoiaHR0cHM6XC9cL2Zjdi51bmwuZWR1LmFyXC9jaXRlY1wvd3AtY29udGVudFwvdXBsb2Fkc1wvMjAyNFwvMDhcL0RTQ183MjQ0LXNjYWxlZC5qcGciLCJzbGlkZXNob3ciOiJhbGwtYTAwOGUxZiJ9\">\n\t\t\t\t\t<div class=\"e-gallery-image elementor-gallery-item__image\" data-thumbnail=\"https:\/\/fcv.unl.edu.ar\/citec\/wp-content\/uploads\/2024\/08\/DSC_7244-300x200.jpg\" data-width=\"300\" data-height=\"200\" alt=\"\" ><\/div>\n\t\t\t\t\t\t\t\t\t\t\t<div class=\"elementor-gallery-item__overlay\"><\/div>\n\t\t\t\t\t\t\t\t\t\t\t\t\t\t<\/a>\n\t\t\t\t\t\t\t<a class=\"e-gallery-item elementor-gallery-item elementor-animated-content\" href=\"https:\/\/fcv.unl.edu.ar\/citec\/wp-content\/uploads\/2024\/08\/DSC_7253-scaled.jpg\" data-elementor-open-lightbox=\"yes\" data-elementor-lightbox-slideshow=\"all-a008e1f\" data-elementor-lightbox-title=\"DSC_7253\" e-action-hash=\"#elementor-action%3Aaction%3Dlightbox%26settings%3DeyJpZCI6NzAxMywidXJsIjoiaHR0cHM6XC9cL2Zjdi51bmwuZWR1LmFyXC9jaXRlY1wvd3AtY29udGVudFwvdXBsb2Fkc1wvMjAyNFwvMDhcL0RTQ183MjUzLXNjYWxlZC5qcGciLCJzbGlkZXNob3ciOiJhbGwtYTAwOGUxZiJ9\">\n\t\t\t\t\t<div class=\"e-gallery-image elementor-gallery-item__image\" data-thumbnail=\"https:\/\/fcv.unl.edu.ar\/citec\/wp-content\/uploads\/2024\/08\/DSC_7253-300x200.jpg\" data-width=\"300\" data-height=\"200\" alt=\"\" ><\/div>\n\t\t\t\t\t\t\t\t\t\t\t<div class=\"elementor-gallery-item__overlay\"><\/div>\n\t\t\t\t\t\t\t\t\t\t\t\t\t\t<\/a>\n\t\t\t\t\t\t\t<a class=\"e-gallery-item elementor-gallery-item elementor-animated-content\" href=\"https:\/\/fcv.unl.edu.ar\/citec\/wp-content\/uploads\/2024\/08\/DSC_7259-scaled.jpg\" data-elementor-open-lightbox=\"yes\" data-elementor-lightbox-slideshow=\"all-a008e1f\" data-elementor-lightbox-title=\"DSC_7259\" e-action-hash=\"#elementor-action%3Aaction%3Dlightbox%26settings%3DeyJpZCI6NzAxOSwidXJsIjoiaHR0cHM6XC9cL2Zjdi51bmwuZWR1LmFyXC9jaXRlY1wvd3AtY29udGVudFwvdXBsb2Fkc1wvMjAyNFwvMDhcL0RTQ183MjU5LXNjYWxlZC5qcGciLCJzbGlkZXNob3ciOiJhbGwtYTAwOGUxZiJ9\">\n\t\t\t\t\t<div class=\"e-gallery-image elementor-gallery-item__image\" data-thumbnail=\"https:\/\/fcv.unl.edu.ar\/citec\/wp-content\/uploads\/2024\/08\/DSC_7259-300x200.jpg\" data-width=\"300\" data-height=\"200\" alt=\"\" ><\/div>\n\t\t\t\t\t\t\t\t\t\t\t<div class=\"elementor-gallery-item__overlay\"><\/div>\n\t\t\t\t\t\t\t\t\t\t\t\t\t\t<\/a>\n\t\t\t\t\t\t\t<a class=\"e-gallery-item elementor-gallery-item elementor-animated-content\" href=\"https:\/\/fcv.unl.edu.ar\/citec\/wp-content\/uploads\/2024\/08\/DSC_7256-scaled.jpg\" data-elementor-open-lightbox=\"yes\" data-elementor-lightbox-slideshow=\"all-a008e1f\" data-elementor-lightbox-title=\"DSC_7256\" e-action-hash=\"#elementor-action%3Aaction%3Dlightbox%26settings%3DeyJpZCI6NzAxNSwidXJsIjoiaHR0cHM6XC9cL2Zjdi51bmwuZWR1LmFyXC9jaXRlY1wvd3AtY29udGVudFwvdXBsb2Fkc1wvMjAyNFwvMDhcL0RTQ183MjU2LXNjYWxlZC5qcGciLCJzbGlkZXNob3ciOiJhbGwtYTAwOGUxZiJ9\">\n\t\t\t\t\t<div class=\"e-gallery-image elementor-gallery-item__image\" data-thumbnail=\"https:\/\/fcv.unl.edu.ar\/citec\/wp-content\/uploads\/2024\/08\/DSC_7256-300x200.jpg\" data-width=\"300\" data-height=\"200\" alt=\"\" ><\/div>\n\t\t\t\t\t\t\t\t\t\t\t<div class=\"elementor-gallery-item__overlay\"><\/div>\n\t\t\t\t\t\t\t\t\t\t\t\t\t\t<\/a>\n\t\t\t\t\t<\/div>\n\t\t\t<\/div>\n\t\t\t\t<\/div>\n\t\t\t\t\t\t<\/div>\n\t\t\t\t\t<\/div>\n\t\t<\/div>\n\t\t\t\t\t\t\t\t<\/div>\n\t\t\t\t\t<\/div>\n\t\t<\/section>\n\t\t\t\t\t\t\t\t\t<\/div>\n\t\t\t<\/div>\n\t\t\t\t\t<\/div>\n\t\t","protected":false},"excerpt":{"rendered":"<p>Acompa\u00f1ando el Proyecto de Extensi\u00f3n en el marco del Programa \u201cSeguimos Estudiando\u201d de la SPU recibimos la visita de docentes y alumnos de Escuelas Rurales.<\/p>\n","protected":false},"author":5,"featured_media":7011,"comment_status":"open","ping_status":"open","sticky":false,"template":"","format":"standard","meta":[],"categories":[25,24,17,16],"tags":[],"_links":{"self":[{"href":"https:\/\/fcv.unl.edu.ar\/citec\/index.php?rest_route=\/wp\/v2\/posts\/6975"}],"collection":[{"href":"https:\/\/fcv.unl.edu.ar\/citec\/index.php?rest_route=\/wp\/v2\/posts"}],"about":[{"href":"https:\/\/fcv.unl.edu.ar\/citec\/index.php?rest_route=\/wp\/v2\/types\/post"}],"author":[{"embeddable":true,"href":"https:\/\/fcv.unl.edu.ar\/citec\/index.php?rest_route=\/wp\/v2\/users\/5"}],"replies":[{"embeddable":true,"href":"https:\/\/fcv.unl.edu.ar\/citec\/index.php?rest_route=%2Fwp%2Fv2%2Fcomments&post=6975"}],"version-history":[{"count":19,"href":"https:\/\/fcv.unl.edu.ar\/citec\/index.php?rest_route=\/wp\/v2\/posts\/6975\/revisions"}],"predecessor-version":[{"id":7294,"href":"https:\/\/fcv.unl.edu.ar\/citec\/index.php?rest_route=\/wp\/v2\/posts\/6975\/revisions\/7294"}],"wp:featuredmedia":[{"embeddable":true,"href":"https:\/\/fcv.unl.edu.ar\/citec\/index.php?rest_route=\/wp\/v2\/media\/7011"}],"wp:attachment":[{"href":"https:\/\/fcv.unl.edu.ar\/citec\/index.php?rest_route=%2Fwp%2Fv2%2Fmedia&parent=6975"}],"wp:term":[{"taxonomy":"category","embeddable":true,"href":"https:\/\/fcv.unl.edu.ar\/citec\/index.php?rest_route=%2Fwp%2Fv2%2Fcategories&post=6975"},{"taxonomy":"post_tag","embeddable":true,"href":"https:\/\/fcv.unl.edu.ar\/citec\/index.php?rest_route=%2Fwp%2Fv2%2Ftags&post=6975"}],"curies":[{"name":"wp","href":"https:\/\/api.w.org\/{rel}","templated":true}]}}