{"id":6947,"date":"2024-08-14T09:45:20","date_gmt":"2024-08-14T12:45:20","guid":{"rendered":"https:\/\/fcv.unl.edu.ar\/citec\/?p=6947"},"modified":"2024-10-19T11:19:59","modified_gmt":"2024-10-19T14:19:59","slug":"diseno-sitio-web-museo-de-anatomia-veterinaria-dra-maria-del-carmen-miglietta","status":"publish","type":"post","link":"https:\/\/fcv.unl.edu.ar\/citec\/?p=6947","title":{"rendered":"Sitio web Museo de Anatom\u00eda Veterinaria"},"content":{"rendered":"\t\t<div data-elementor-type=\"wp-post\" data-elementor-id=\"6947\" class=\"elementor elementor-6947\">\n\t\t\t\t\t\t<div class=\"elementor-inner\">\n\t\t\t\t<div class=\"elementor-section-wrap\">\n\t\t\t\t\t\t\t\t\t<section class=\"elementor-section elementor-top-section elementor-element elementor-element-26bcf8b elementor-section-boxed elementor-section-height-default elementor-section-height-default\" data-id=\"26bcf8b\" data-element_type=\"section\">\n\t\t\t\t\t\t<div class=\"elementor-container elementor-column-gap-default\">\n\t\t\t\t\t\t\t<div class=\"elementor-row\">\n\t\t\t\t\t<div class=\"elementor-column elementor-col-100 elementor-top-column elementor-element elementor-element-b80e98d\" data-id=\"b80e98d\" data-element_type=\"column\">\n\t\t\t<div class=\"elementor-column-wrap elementor-element-populated\">\n\t\t\t\t\t\t\t<div class=\"elementor-widget-wrap\">\n\t\t\t\t\t\t<div class=\"elementor-element elementor-element-d492c62 elementor-widget__width-inherit elementor-widget elementor-widget-heading\" data-id=\"d492c62\" data-element_type=\"widget\" data-widget_type=\"heading.default\">\n\t\t\t\t<div class=\"elementor-widget-container\">\n\t\t\t<h4 class=\"elementor-heading-title elementor-size-default\">Dise\u00f1amos y desarrollamos junto a docentes de Anatom\u00eda Veterinaria,  el sitio web del Museo de Anatom\u00eda Veterinaria \"Dra. Mar\u00eda del Carmen Miglietta\".<\/h4>\t\t<\/div>\n\t\t\t\t<\/div>\n\t\t\t\t\t\t<\/div>\n\t\t\t\t\t<\/div>\n\t\t<\/div>\n\t\t\t\t\t\t\t\t<\/div>\n\t\t\t\t\t<\/div>\n\t\t<\/section>\n\t\t\t\t<section class=\"elementor-section elementor-top-section elementor-element elementor-element-03647d5 elementor-section-boxed elementor-section-height-default elementor-section-height-default\" data-id=\"03647d5\" data-element_type=\"section\">\n\t\t\t\t\t\t<div class=\"elementor-container elementor-column-gap-default\">\n\t\t\t\t\t\t\t<div class=\"elementor-row\">\n\t\t\t\t\t<div class=\"elementor-column elementor-col-100 elementor-top-column elementor-element elementor-element-1cfeaf9\" data-id=\"1cfeaf9\" data-element_type=\"column\">\n\t\t\t<div class=\"elementor-column-wrap elementor-element-populated\">\n\t\t\t\t\t\t\t<div class=\"elementor-widget-wrap\">\n\t\t\t\t\t\t<div class=\"elementor-element elementor-element-f8007a3 elementor-widget elementor-widget-text-editor\" data-id=\"f8007a3\" data-element_type=\"widget\" data-widget_type=\"text-editor.default\">\n\t\t\t\t<div class=\"elementor-widget-container\">\n\t\t\t\t\t\t\t\t<div class=\"elementor-text-editor elementor-clearfix\">\n\t\t\t\t<p>Trabajaron en esta iniciativa un equipo conformado por integrantes del Centro, docentes actuales de la asignatura Anatom\u00eda y estudiantes adscriptos.<br \/>El sitio presenta diversas secciones que pretenden visualizar esta informaci\u00f3n mediante:<\/p><ul><li>Galer\u00eda de im\u00e1genes digitalizadas de piezas actuales del Museo de Anatom\u00eda Veterinaria. El mismo se encuentra dividido en secciones que visualizan los preparados \u00f3seos mediante la t\u00e9cnica de Osteotecnia y Taxidermia para la conservaci\u00f3n de piezas de diversas especies animales inertes, manteniendo un aspecto lo m\u00e1s naturalmente posible.<\/li><li>Breve rese\u00f1a hist\u00f3rica que ilustra el gran trabajo de la Dra. Mar\u00eda del Carmen Miglietta, precursora en la c\u00e1tedra de Anatom\u00eda Veterinaria y protagonista del nacimiento del museo. Presenta im\u00e1genes de la Dra. y su equipo en la d\u00e9cada del 90.<\/li><li>Entrevistas realizadas a la Medica Veterinaria Mar\u00eda Ang\u00e9lica Athaus, docente de Anatom\u00eda Veterinaria I y II y el M\u00e9dico Veterinario Enrique Godoy, docente de Anatom\u00eda Veterinaria II e Histolog\u00eda.<\/li><li>Objetos en 3D generados con la T\u00e9cnica de Fotogrametr\u00eda. Se trata de un proceso en el que se utilizan im\u00e1genes de un objeto para crear un modelo tridimensional del mismo que permiten un an\u00e1lisis y estudio m\u00e1s detallado.<\/li><\/ul>\t\t\t\t\t<\/div>\n\t\t\t\t\t\t<\/div>\n\t\t\t\t<\/div>\n\t\t\t\t\t\t<\/div>\n\t\t\t\t\t<\/div>\n\t\t<\/div>\n\t\t\t\t\t\t\t\t<\/div>\n\t\t\t\t\t<\/div>\n\t\t<\/section>\n\t\t\t\t<section class=\"elementor-section elementor-top-section elementor-element elementor-element-3873848 elementor-section-boxed elementor-section-height-default elementor-section-height-default\" data-id=\"3873848\" data-element_type=\"section\">\n\t\t\t\t\t\t<div class=\"elementor-container elementor-column-gap-default\">\n\t\t\t\t\t\t\t<div class=\"elementor-row\">\n\t\t\t\t\t<div class=\"elementor-column elementor-col-33 elementor-top-column elementor-element elementor-element-84adfaa\" data-id=\"84adfaa\" data-element_type=\"column\">\n\t\t\t<div class=\"elementor-column-wrap\">\n\t\t\t\t\t\t\t<div class=\"elementor-widget-wrap\">\n\t\t\t\t\t\t\t\t<\/div>\n\t\t\t\t\t<\/div>\n\t\t<\/div>\n\t\t\t\t<div class=\"elementor-column elementor-col-33 elementor-top-column elementor-element elementor-element-2a140d2\" data-id=\"2a140d2\" data-element_type=\"column\">\n\t\t\t<div class=\"elementor-column-wrap elementor-element-populated\">\n\t\t\t\t\t\t\t<div class=\"elementor-widget-wrap\">\n\t\t\t\t\t\t<div class=\"elementor-element elementor-element-9fe5a41 elementor-aspect-ratio-169 elementor-widget elementor-widget-video\" data-id=\"9fe5a41\" data-element_type=\"widget\" data-settings=\"{&quot;video_type&quot;:&quot;hosted&quot;,&quot;controls&quot;:&quot;yes&quot;,&quot;aspect_ratio&quot;:&quot;169&quot;}\" data-widget_type=\"video.default\">\n\t\t\t\t<div class=\"elementor-widget-container\">\n\t\t\t\t\t<div class=\"e-hosted-video elementor-wrapper elementor-fit-aspect-ratio elementor-open-inline\">\n\t\t\t\t\t<video class=\"elementor-video\" src=\"https:\/\/fcv.unl.edu.ar\/citec\/wp-content\/uploads\/2024\/08\/Video-museo-2.mp4\" controls=\"\" controlsList=\"nodownload\"><\/video>\n\t\t\t\t<\/div>\n\t\t\t\t<\/div>\n\t\t\t\t<\/div>\n\t\t\t\t\t\t<\/div>\n\t\t\t\t\t<\/div>\n\t\t<\/div>\n\t\t\t\t<div class=\"elementor-column elementor-col-33 elementor-top-column elementor-element elementor-element-9d90726\" data-id=\"9d90726\" data-element_type=\"column\">\n\t\t\t<div class=\"elementor-column-wrap\">\n\t\t\t\t\t\t\t<div class=\"elementor-widget-wrap\">\n\t\t\t\t\t\t\t\t<\/div>\n\t\t\t\t\t<\/div>\n\t\t<\/div>\n\t\t\t\t\t\t\t\t<\/div>\n\t\t\t\t\t<\/div>\n\t\t<\/section>\n\t\t\t\t<section class=\"elementor-section elementor-top-section elementor-element elementor-element-a25b874 elementor-section-boxed elementor-section-height-default elementor-section-height-default\" data-id=\"a25b874\" data-element_type=\"section\">\n\t\t\t\t\t\t<div class=\"elementor-container elementor-column-gap-default\">\n\t\t\t\t\t\t\t<div class=\"elementor-row\">\n\t\t\t\t\t<div class=\"elementor-column elementor-col-50 elementor-top-column elementor-element elementor-element-4685243\" data-id=\"4685243\" data-element_type=\"column\">\n\t\t\t<div class=\"elementor-column-wrap elementor-element-populated\">\n\t\t\t\t\t\t\t<div class=\"elementor-widget-wrap\">\n\t\t\t\t\t\t<div class=\"elementor-element elementor-element-f759455 elementor-widget elementor-widget-image\" data-id=\"f759455\" data-element_type=\"widget\" data-widget_type=\"image.default\">\n\t\t\t\t<div class=\"elementor-widget-container\">\n\t\t\t\t\t\t\t\t<div class=\"elementor-image\">\n\t\t\t\t\t\t\t\t\t\t\t\t<img width=\"1024\" height=\"683\" src=\"https:\/\/fcv.unl.edu.ar\/citec\/wp-content\/uploads\/2024\/08\/23silvi-1-scaled-1-1024x683.jpg\" class=\"attachment-large size-large\" alt=\"\" loading=\"lazy\" srcset=\"https:\/\/fcv.unl.edu.ar\/citec\/wp-content\/uploads\/2024\/08\/23silvi-1-scaled-1-1024x683.jpg 1024w, https:\/\/fcv.unl.edu.ar\/citec\/wp-content\/uploads\/2024\/08\/23silvi-1-scaled-1-300x200.jpg 300w, https:\/\/fcv.unl.edu.ar\/citec\/wp-content\/uploads\/2024\/08\/23silvi-1-scaled-1-768x512.jpg 768w, https:\/\/fcv.unl.edu.ar\/citec\/wp-content\/uploads\/2024\/08\/23silvi-1-scaled-1-1536x1024.jpg 1536w, https:\/\/fcv.unl.edu.ar\/citec\/wp-content\/uploads\/2024\/08\/23silvi-1-scaled-1-2048x1366.jpg 2048w\" sizes=\"(max-width: 1024px) 100vw, 1024px\" \/>\t\t\t\t\t\t\t\t\t\t\t\t\t\t<\/div>\n\t\t\t\t\t\t<\/div>\n\t\t\t\t<\/div>\n\t\t\t\t\t\t<\/div>\n\t\t\t\t\t<\/div>\n\t\t<\/div>\n\t\t\t\t<div class=\"elementor-column elementor-col-50 elementor-top-column elementor-element elementor-element-383ad9b\" data-id=\"383ad9b\" data-element_type=\"column\">\n\t\t\t<div class=\"elementor-column-wrap elementor-element-populated\">\n\t\t\t\t\t\t\t<div class=\"elementor-widget-wrap\">\n\t\t\t\t\t\t<div class=\"elementor-element elementor-element-04ef5c6 elementor-widget elementor-widget-image\" data-id=\"04ef5c6\" data-element_type=\"widget\" data-widget_type=\"image.default\">\n\t\t\t\t<div class=\"elementor-widget-container\">\n\t\t\t\t\t\t\t\t<div class=\"elementor-image\">\n\t\t\t\t\t\t\t\t\t\t\t\t<img width=\"1024\" height=\"683\" src=\"https:\/\/fcv.unl.edu.ar\/citec\/wp-content\/uploads\/2024\/08\/24anaYagos-1-scaled-1-1024x683.jpg\" class=\"attachment-large size-large\" alt=\"\" loading=\"lazy\" srcset=\"https:\/\/fcv.unl.edu.ar\/citec\/wp-content\/uploads\/2024\/08\/24anaYagos-1-scaled-1-1024x683.jpg 1024w, https:\/\/fcv.unl.edu.ar\/citec\/wp-content\/uploads\/2024\/08\/24anaYagos-1-scaled-1-300x200.jpg 300w, https:\/\/fcv.unl.edu.ar\/citec\/wp-content\/uploads\/2024\/08\/24anaYagos-1-scaled-1-768x512.jpg 768w, https:\/\/fcv.unl.edu.ar\/citec\/wp-content\/uploads\/2024\/08\/24anaYagos-1-scaled-1-1536x1024.jpg 1536w, https:\/\/fcv.unl.edu.ar\/citec\/wp-content\/uploads\/2024\/08\/24anaYagos-1-scaled-1-2048x1366.jpg 2048w\" sizes=\"(max-width: 1024px) 100vw, 1024px\" \/>\t\t\t\t\t\t\t\t\t\t\t\t\t\t<\/div>\n\t\t\t\t\t\t<\/div>\n\t\t\t\t<\/div>\n\t\t\t\t\t\t<\/div>\n\t\t\t\t\t<\/div>\n\t\t<\/div>\n\t\t\t\t\t\t\t\t<\/div>\n\t\t\t\t\t<\/div>\n\t\t<\/section>\n\t\t\t\t<section class=\"elementor-section elementor-top-section elementor-element elementor-element-56cbd9c elementor-section-boxed elementor-section-height-default elementor-section-height-default\" data-id=\"56cbd9c\" data-element_type=\"section\">\n\t\t\t\t\t\t<div class=\"elementor-container elementor-column-gap-default\">\n\t\t\t\t\t\t\t<div class=\"elementor-row\">\n\t\t\t\t\t<div class=\"elementor-column elementor-col-100 elementor-top-column elementor-element elementor-element-d07a0b4\" data-id=\"d07a0b4\" data-element_type=\"column\">\n\t\t\t<div class=\"elementor-column-wrap elementor-element-populated\">\n\t\t\t\t\t\t\t<div class=\"elementor-widget-wrap\">\n\t\t\t\t\t\t<div class=\"elementor-element elementor-element-5bfa3e2 elementor-widget elementor-widget-heading\" data-id=\"5bfa3e2\" data-element_type=\"widget\" data-widget_type=\"heading.default\">\n\t\t\t\t<div class=\"elementor-widget-container\">\n\t\t\t<h6 class=\"elementor-heading-title elementor-size-default\"><a href=\"https:\/\/www.fcv.unl.edu.ar\/museoanatomiaveterinaria\/\" target=\"_blank\">Link de ingreso al Sitio Web<\/a><\/h6>\t\t<\/div>\n\t\t\t\t<\/div>\n\t\t\t\t\t\t<\/div>\n\t\t\t\t\t<\/div>\n\t\t<\/div>\n\t\t\t\t\t\t\t\t<\/div>\n\t\t\t\t\t<\/div>\n\t\t<\/section>\n\t\t\t\t\t\t\t\t\t<\/div>\n\t\t\t<\/div>\n\t\t\t\t\t<\/div>\n\t\t","protected":false},"excerpt":{"rendered":"<p>Junto a docentes de Anatom\u00eda, se llev\u00f3 a cabo la creaci\u00f3n e implementaci\u00f3n del Museo Digital de Anatom\u00eda Veterinaria de la Facultad de Ciencias Veterinarias (UNL). <\/p>\n","protected":false},"author":5,"featured_media":7557,"comment_status":"open","ping_status":"open","sticky":false,"template":"","format":"standard","meta":[],"categories":[32,17,16,27],"tags":[],"_links":{"self":[{"href":"https:\/\/fcv.unl.edu.ar\/citec\/index.php?rest_route=\/wp\/v2\/posts\/6947"}],"collection":[{"href":"https:\/\/fcv.unl.edu.ar\/citec\/index.php?rest_route=\/wp\/v2\/posts"}],"about":[{"href":"https:\/\/fcv.unl.edu.ar\/citec\/index.php?rest_route=\/wp\/v2\/types\/post"}],"author":[{"embeddable":true,"href":"https:\/\/fcv.unl.edu.ar\/citec\/index.php?rest_route=\/wp\/v2\/users\/5"}],"replies":[{"embeddable":true,"href":"https:\/\/fcv.unl.edu.ar\/citec\/index.php?rest_route=%2Fwp%2Fv2%2Fcomments&post=6947"}],"version-history":[{"count":29,"href":"https:\/\/fcv.unl.edu.ar\/citec\/index.php?rest_route=\/wp\/v2\/posts\/6947\/revisions"}],"predecessor-version":[{"id":7560,"href":"https:\/\/fcv.unl.edu.ar\/citec\/index.php?rest_route=\/wp\/v2\/posts\/6947\/revisions\/7560"}],"wp:featuredmedia":[{"embeddable":true,"href":"https:\/\/fcv.unl.edu.ar\/citec\/index.php?rest_route=\/wp\/v2\/media\/7557"}],"wp:attachment":[{"href":"https:\/\/fcv.unl.edu.ar\/citec\/index.php?rest_route=%2Fwp%2Fv2%2Fmedia&parent=6947"}],"wp:term":[{"taxonomy":"category","embeddable":true,"href":"https:\/\/fcv.unl.edu.ar\/citec\/index.php?rest_route=%2Fwp%2Fv2%2Fcategories&post=6947"},{"taxonomy":"post_tag","embeddable":true,"href":"https:\/\/fcv.unl.edu.ar\/citec\/index.php?rest_route=%2Fwp%2Fv2%2Ftags&post=6947"}],"curies":[{"name":"wp","href":"https:\/\/api.w.org\/{rel}","templated":true}]}}