{"id":6120,"date":"2023-05-03T20:18:26","date_gmt":"2023-05-03T23:18:26","guid":{"rendered":"https:\/\/fcv.unl.edu.ar\/citec\/?p=6120"},"modified":"2023-09-12T12:28:30","modified_gmt":"2023-09-12T15:28:30","slug":"curso-3d-virtual","status":"publish","type":"post","link":"https:\/\/fcv.unl.edu.ar\/citec\/?p=6120","title":{"rendered":"CURSO 3D Virtual"},"content":{"rendered":"\t\t<div data-elementor-type=\"wp-post\" data-elementor-id=\"6120\" class=\"elementor elementor-6120\">\n\t\t\t\t\t\t<div class=\"elementor-inner\">\n\t\t\t\t<div class=\"elementor-section-wrap\">\n\t\t\t\t\t\t\t\t\t<section class=\"elementor-section elementor-top-section elementor-element elementor-element-60ed0db elementor-section-boxed elementor-section-height-default elementor-section-height-default\" data-id=\"60ed0db\" data-element_type=\"section\">\n\t\t\t\t\t\t<div class=\"elementor-container elementor-column-gap-default\">\n\t\t\t\t\t\t\t<div class=\"elementor-row\">\n\t\t\t\t\t<div class=\"elementor-column elementor-col-100 elementor-top-column elementor-element elementor-element-bd2d158\" data-id=\"bd2d158\" data-element_type=\"column\">\n\t\t\t<div class=\"elementor-column-wrap elementor-element-populated\">\n\t\t\t\t\t\t\t<div class=\"elementor-widget-wrap\">\n\t\t\t\t\t\t<div class=\"elementor-element elementor-element-ac50d7e elementor-widget elementor-widget-text-editor\" data-id=\"ac50d7e\" data-element_type=\"widget\" data-widget_type=\"text-editor.default\">\n\t\t\t\t<div class=\"elementor-widget-container\">\n\t\t\t\t\t\t\t\t<div class=\"elementor-text-editor elementor-clearfix\">\n\t\t\t\t<p>En el marco del eje Capacitaci\u00f3n del \u00e1rea de Formaci\u00f3n del Centro de Innovaci\u00f3n Tecnol\u00f3gica (CITec) dando respuesta a uno de sus objetivos tendiente a la generaci\u00f3n de espacios de formaci\u00f3n docente, se concret\u00f3 la realizaci\u00f3n de un Trayecto Formativo denominado \u201cCurso 3D: DESCUBRIR Aplicaciones On Line, DISE\u00d1AR Recursos Digitales y DESARROLLAR Intervenciones educativas\u201d,\u00a0 bajo el formato de Curso en l\u00ednea, destinado a docentes de los niveles primario, secundario, terciario y universitario con la finalidad de transmitir el uso de herramientas on line posibles de integrar en las pr\u00e1cticas de ense\u00f1anza y generar espacios de construcci\u00f3n de aprendizajes, di\u00e1logos y encuentros.<\/p>\t\t\t\t\t<\/div>\n\t\t\t\t\t\t<\/div>\n\t\t\t\t<\/div>\n\t\t\t\t<div class=\"elementor-element elementor-element-17d42a5 elementor-aspect-ratio-169 elementor-widget elementor-widget-video\" data-id=\"17d42a5\" data-element_type=\"widget\" data-settings=\"{&quot;youtube_url&quot;:&quot;https:\\\/\\\/www.youtube.com\\\/watch?v=qeG0weCBhOY&quot;,&quot;autoplay&quot;:&quot;yes&quot;,&quot;loop&quot;:&quot;yes&quot;,&quot;video_type&quot;:&quot;youtube&quot;,&quot;controls&quot;:&quot;yes&quot;,&quot;aspect_ratio&quot;:&quot;169&quot;}\" data-widget_type=\"video.default\">\n\t\t\t\t<div class=\"elementor-widget-container\">\n\t\t\t\t\t<div class=\"elementor-wrapper elementor-fit-aspect-ratio elementor-open-inline\">\n\t\t\t<div class=\"elementor-video\"><\/div>\t\t<\/div>\n\t\t\t\t<\/div>\n\t\t\t\t<\/div>\n\t\t\t\t\t\t<\/div>\n\t\t\t\t\t<\/div>\n\t\t<\/div>\n\t\t\t\t\t\t\t\t<\/div>\n\t\t\t\t\t<\/div>\n\t\t<\/section>\n\t\t\t\t<section class=\"elementor-section elementor-top-section elementor-element elementor-element-e81a37d elementor-section-boxed elementor-section-height-default elementor-section-height-default\" data-id=\"e81a37d\" data-element_type=\"section\">\n\t\t\t\t\t\t<div class=\"elementor-container elementor-column-gap-default\">\n\t\t\t\t\t\t\t<div class=\"elementor-row\">\n\t\t\t\t\t<div class=\"elementor-column elementor-col-100 elementor-top-column elementor-element elementor-element-9bcd806\" data-id=\"9bcd806\" data-element_type=\"column\">\n\t\t\t<div class=\"elementor-column-wrap elementor-element-populated\">\n\t\t\t\t\t\t\t<div class=\"elementor-widget-wrap\">\n\t\t\t\t\t\t<div class=\"elementor-element elementor-element-4bc6604 elementor-widget elementor-widget-text-editor\" data-id=\"4bc6604\" data-element_type=\"widget\" data-widget_type=\"text-editor.default\">\n\t\t\t\t<div class=\"elementor-widget-container\">\n\t\t\t\t\t\t\t\t<div class=\"elementor-text-editor elementor-clearfix\">\n\t\t\t\t<p>El mismo se desarroll\u00f3 durante dos meses, incluyendo seis encuentros sincr\u00f3nicos de 90 minutos y cont\u00f3 con una acreditaci\u00f3n de 37 hs. Reloj, otorgada por el Ministerio de Educaci\u00f3n de la Provincia y Centro. (Decreto 3029\/12).<br \/>La propuesta tuvo una gran aceptaci\u00f3n, integrando docentes de las provincias de Santa Fe, Buenos Aires, Tucum\u00e1n, Entre R\u00edos y C\u00f3rdoba. Destacamos la participaci\u00f3n de docentes extranjeros provenientes de Uruguay y Espa\u00f1a.<\/p>\t\t\t\t\t<\/div>\n\t\t\t\t\t\t<\/div>\n\t\t\t\t<\/div>\n\t\t\t\t<section class=\"elementor-section elementor-inner-section elementor-element elementor-element-79ff7d8 elementor-section-boxed elementor-section-height-default elementor-section-height-default\" data-id=\"79ff7d8\" data-element_type=\"section\">\n\t\t\t\t\t\t<div class=\"elementor-container elementor-column-gap-default\">\n\t\t\t\t\t\t\t<div class=\"elementor-row\">\n\t\t\t\t\t<div class=\"elementor-column elementor-col-50 elementor-inner-column elementor-element elementor-element-a4377d1\" data-id=\"a4377d1\" data-element_type=\"column\">\n\t\t\t<div class=\"elementor-column-wrap elementor-element-populated\">\n\t\t\t\t\t\t\t<div class=\"elementor-widget-wrap\">\n\t\t\t\t\t\t<div class=\"elementor-element elementor-element-263797a elementor-widget elementor-widget-image\" data-id=\"263797a\" data-element_type=\"widget\" data-widget_type=\"image.default\">\n\t\t\t\t<div class=\"elementor-widget-container\">\n\t\t\t\t\t\t\t\t<div class=\"elementor-image\">\n\t\t\t\t\t\t\t\t\t\t\t\t<img width=\"319\" height=\"175\" src=\"https:\/\/fcv.unl.edu.ar\/citec\/wp-content\/uploads\/2023\/05\/WhatsApp-Image-2023-09-12-at-11.36.10.jpeg\" class=\"attachment-large size-large\" alt=\"\" loading=\"lazy\" srcset=\"https:\/\/fcv.unl.edu.ar\/citec\/wp-content\/uploads\/2023\/05\/WhatsApp-Image-2023-09-12-at-11.36.10.jpeg 319w, https:\/\/fcv.unl.edu.ar\/citec\/wp-content\/uploads\/2023\/05\/WhatsApp-Image-2023-09-12-at-11.36.10-300x165.jpeg 300w\" sizes=\"(max-width: 319px) 100vw, 319px\" \/>\t\t\t\t\t\t\t\t\t\t\t\t\t\t<\/div>\n\t\t\t\t\t\t<\/div>\n\t\t\t\t<\/div>\n\t\t\t\t\t\t<\/div>\n\t\t\t\t\t<\/div>\n\t\t<\/div>\n\t\t\t\t<div class=\"elementor-column elementor-col-50 elementor-inner-column elementor-element elementor-element-0b1e1eb\" data-id=\"0b1e1eb\" data-element_type=\"column\">\n\t\t\t<div class=\"elementor-column-wrap elementor-element-populated\">\n\t\t\t\t\t\t\t<div class=\"elementor-widget-wrap\">\n\t\t\t\t\t\t<div class=\"elementor-element elementor-element-545224d elementor-widget elementor-widget-image\" data-id=\"545224d\" data-element_type=\"widget\" data-widget_type=\"image.default\">\n\t\t\t\t<div class=\"elementor-widget-container\">\n\t\t\t\t\t\t\t\t<div class=\"elementor-image\">\n\t\t\t\t\t\t\t\t\t\t\t\t<img width=\"318\" height=\"178\" src=\"https:\/\/fcv.unl.edu.ar\/citec\/wp-content\/uploads\/2023\/05\/WhatsApp-Image-2023-09-12-at-11.36.24.jpeg\" class=\"attachment-large size-large\" alt=\"\" loading=\"lazy\" srcset=\"https:\/\/fcv.unl.edu.ar\/citec\/wp-content\/uploads\/2023\/05\/WhatsApp-Image-2023-09-12-at-11.36.24.jpeg 318w, https:\/\/fcv.unl.edu.ar\/citec\/wp-content\/uploads\/2023\/05\/WhatsApp-Image-2023-09-12-at-11.36.24-300x168.jpeg 300w\" sizes=\"(max-width: 318px) 100vw, 318px\" \/>\t\t\t\t\t\t\t\t\t\t\t\t\t\t<\/div>\n\t\t\t\t\t\t<\/div>\n\t\t\t\t<\/div>\n\t\t\t\t\t\t<\/div>\n\t\t\t\t\t<\/div>\n\t\t<\/div>\n\t\t\t\t\t\t\t\t<\/div>\n\t\t\t\t\t<\/div>\n\t\t<\/section>\n\t\t\t\t\t\t<\/div>\n\t\t\t\t\t<\/div>\n\t\t<\/div>\n\t\t\t\t\t\t\t\t<\/div>\n\t\t\t\t\t<\/div>\n\t\t<\/section>\n\t\t\t\t<section class=\"elementor-section elementor-top-section elementor-element elementor-element-f440a06 elementor-section-boxed elementor-section-height-default elementor-section-height-default\" data-id=\"f440a06\" data-element_type=\"section\">\n\t\t\t\t\t\t<div class=\"elementor-container elementor-column-gap-default\">\n\t\t\t\t\t\t\t<div class=\"elementor-row\">\n\t\t\t\t\t<div class=\"elementor-column elementor-col-100 elementor-top-column elementor-element elementor-element-fa46e54\" data-id=\"fa46e54\" data-element_type=\"column\">\n\t\t\t<div class=\"elementor-column-wrap elementor-element-populated\">\n\t\t\t\t\t\t\t<div class=\"elementor-widget-wrap\">\n\t\t\t\t\t\t<div class=\"elementor-element elementor-element-d438697 elementor-widget elementor-widget-text-editor\" data-id=\"d438697\" data-element_type=\"widget\" data-widget_type=\"text-editor.default\">\n\t\t\t\t<div class=\"elementor-widget-container\">\n\t\t\t\t\t\t\t\t<div class=\"elementor-text-editor elementor-clearfix\">\n\t\t\t\t<p>Se desarrollaron las aplicaciones en l\u00ednea Genially, Padlet, Voicethread, Powtoon y Jamboard, propuestas que pueden resultar \u00fatiles para ampliar considerablemente las posibilidades en la generaci\u00f3n de recursos did\u00e1cticos digitales que fortalezcan procesos de ense\u00f1anza y aprendizaje en los niveles educativos de cada docente participante, potenciando la motivaci\u00f3n y promoviendo din\u00e1mica interacci\u00f3n con los contenidos favoreciendo la captaci\u00f3n y retenci\u00f3n de los mismos e involucrando a los alumnos activamente en su aprendizaje.<br \/>Esta experiencia permiti\u00f3 la generaci\u00f3n de nuevos canales de comunicaci\u00f3n y colaboraci\u00f3n hacia la mejora continua en el proceso de innovaci\u00f3n, donde la tecnolog\u00eda, puede potenciar y acompa\u00f1ar decisiones importantes que involucran para la adopci\u00f3n de nuevas t\u00e9cnicas orientadas a la organizaci\u00f3n, presentaci\u00f3n y gesti\u00f3n de la informaci\u00f3n.<\/p>\t\t\t\t\t<\/div>\n\t\t\t\t\t\t<\/div>\n\t\t\t\t<\/div>\n\t\t\t\t<div class=\"elementor-element elementor-element-09456ab elementor-widget elementor-widget-image\" data-id=\"09456ab\" data-element_type=\"widget\" data-widget_type=\"image.default\">\n\t\t\t\t<div class=\"elementor-widget-container\">\n\t\t\t\t\t\t\t\t<div class=\"elementor-image\">\n\t\t\t\t\t\t\t\t\t\t\t\t<img width=\"1024\" height=\"263\" src=\"https:\/\/fcv.unl.edu.ar\/citec\/wp-content\/uploads\/2023\/05\/WhatsApp-Image-2023-09-12-at-12.05.171-1024x263.jpeg\" class=\"attachment-large size-large\" alt=\"\" loading=\"lazy\" srcset=\"https:\/\/fcv.unl.edu.ar\/citec\/wp-content\/uploads\/2023\/05\/WhatsApp-Image-2023-09-12-at-12.05.171-1024x263.jpeg 1024w, https:\/\/fcv.unl.edu.ar\/citec\/wp-content\/uploads\/2023\/05\/WhatsApp-Image-2023-09-12-at-12.05.171-300x77.jpeg 300w, https:\/\/fcv.unl.edu.ar\/citec\/wp-content\/uploads\/2023\/05\/WhatsApp-Image-2023-09-12-at-12.05.171-768x197.jpeg 768w, https:\/\/fcv.unl.edu.ar\/citec\/wp-content\/uploads\/2023\/05\/WhatsApp-Image-2023-09-12-at-12.05.171-1536x395.jpeg 1536w, https:\/\/fcv.unl.edu.ar\/citec\/wp-content\/uploads\/2023\/05\/WhatsApp-Image-2023-09-12-at-12.05.171.jpeg 1600w\" sizes=\"(max-width: 1024px) 100vw, 1024px\" \/>\t\t\t\t\t\t\t\t\t\t\t\t\t\t<\/div>\n\t\t\t\t\t\t<\/div>\n\t\t\t\t<\/div>\n\t\t\t\t\t\t<\/div>\n\t\t\t\t\t<\/div>\n\t\t<\/div>\n\t\t\t\t\t\t\t\t<\/div>\n\t\t\t\t\t<\/div>\n\t\t<\/section>\n\t\t\t\t<section class=\"elementor-section elementor-top-section elementor-element elementor-element-f06f77a elementor-section-boxed elementor-section-height-default elementor-section-height-default\" data-id=\"f06f77a\" data-element_type=\"section\">\n\t\t\t\t\t\t<div class=\"elementor-container elementor-column-gap-default\">\n\t\t\t\t\t\t\t<div class=\"elementor-row\">\n\t\t\t\t\t<div class=\"elementor-column elementor-col-100 elementor-top-column elementor-element elementor-element-e835359\" data-id=\"e835359\" data-element_type=\"column\">\n\t\t\t<div class=\"elementor-column-wrap\">\n\t\t\t\t\t\t\t<div class=\"elementor-widget-wrap\">\n\t\t\t\t\t\t\t\t<\/div>\n\t\t\t\t\t<\/div>\n\t\t<\/div>\n\t\t\t\t\t\t\t\t<\/div>\n\t\t\t\t\t<\/div>\n\t\t<\/section>\n\t\t\t\t\t\t\t\t\t<\/div>\n\t\t\t<\/div>\n\t\t\t\t\t<\/div>\n\t\t","protected":false},"excerpt":{"rendered":"<p>En el marco del eje Capacitaci\u00f3n del \u00e1rea de Formaci\u00f3n del Centro de Innovaci\u00f3n Tecnol\u00f3gica (CITec) dando respuesta a uno de sus objetivos tendiente a la generaci\u00f3n de espacios de formaci\u00f3n docente, se concret\u00f3 la realizaci\u00f3n de un Trayecto Formativo denominado \u201cCurso 3D: DESCUBRIR Aplicaciones On Line, DISE\u00d1AR Recursos Digitales y DESARROLLAR Intervenciones educativas\u201d,\u00a0 bajo [&hellip;]<\/p>\n","protected":false},"author":8,"featured_media":6129,"comment_status":"open","ping_status":"open","sticky":false,"template":"","format":"standard","meta":[],"categories":[26,17,16],"tags":[],"_links":{"self":[{"href":"https:\/\/fcv.unl.edu.ar\/citec\/index.php?rest_route=\/wp\/v2\/posts\/6120"}],"collection":[{"href":"https:\/\/fcv.unl.edu.ar\/citec\/index.php?rest_route=\/wp\/v2\/posts"}],"about":[{"href":"https:\/\/fcv.unl.edu.ar\/citec\/index.php?rest_route=\/wp\/v2\/types\/post"}],"author":[{"embeddable":true,"href":"https:\/\/fcv.unl.edu.ar\/citec\/index.php?rest_route=\/wp\/v2\/users\/8"}],"replies":[{"embeddable":true,"href":"https:\/\/fcv.unl.edu.ar\/citec\/index.php?rest_route=%2Fwp%2Fv2%2Fcomments&post=6120"}],"version-history":[{"count":43,"href":"https:\/\/fcv.unl.edu.ar\/citec\/index.php?rest_route=\/wp\/v2\/posts\/6120\/revisions"}],"predecessor-version":[{"id":6620,"href":"https:\/\/fcv.unl.edu.ar\/citec\/index.php?rest_route=\/wp\/v2\/posts\/6120\/revisions\/6620"}],"wp:featuredmedia":[{"embeddable":true,"href":"https:\/\/fcv.unl.edu.ar\/citec\/index.php?rest_route=\/wp\/v2\/media\/6129"}],"wp:attachment":[{"href":"https:\/\/fcv.unl.edu.ar\/citec\/index.php?rest_route=%2Fwp%2Fv2%2Fmedia&parent=6120"}],"wp:term":[{"taxonomy":"category","embeddable":true,"href":"https:\/\/fcv.unl.edu.ar\/citec\/index.php?rest_route=%2Fwp%2Fv2%2Fcategories&post=6120"},{"taxonomy":"post_tag","embeddable":true,"href":"https:\/\/fcv.unl.edu.ar\/citec\/index.php?rest_route=%2Fwp%2Fv2%2Ftags&post=6120"}],"curies":[{"name":"wp","href":"https:\/\/api.w.org\/{rel}","templated":true}]}}