{"id":4407,"date":"2021-12-06T16:32:47","date_gmt":"2021-12-06T19:32:47","guid":{"rendered":"https:\/\/fcv.unl.edu.ar\/citec\/?p=4407"},"modified":"2022-03-09T11:06:16","modified_gmt":"2022-03-09T14:06:16","slug":"trabajo-interinstitucional-e-interdisciplinario","status":"publish","type":"post","link":"https:\/\/fcv.unl.edu.ar\/citec\/?p=4407","title":{"rendered":"Participaci\u00f3n de docentes del CITec para Uruguay"},"content":{"rendered":"\t\t<div data-elementor-type=\"wp-post\" data-elementor-id=\"4407\" class=\"elementor elementor-4407\">\n\t\t\t\t\t\t<div class=\"elementor-inner\">\n\t\t\t\t<div class=\"elementor-section-wrap\">\n\t\t\t\t\t\t\t\t\t<section class=\"elementor-section elementor-top-section elementor-element elementor-element-f8ff706 elementor-section-boxed elementor-section-height-default elementor-section-height-default\" data-id=\"f8ff706\" data-element_type=\"section\">\n\t\t\t\t\t\t<div class=\"elementor-container elementor-column-gap-default\">\n\t\t\t\t\t\t\t<div class=\"elementor-row\">\n\t\t\t\t\t<div class=\"elementor-column elementor-col-100 elementor-top-column elementor-element elementor-element-3d5ce39\" data-id=\"3d5ce39\" data-element_type=\"column\">\n\t\t\t<div class=\"elementor-column-wrap elementor-element-populated\">\n\t\t\t\t\t\t\t<div class=\"elementor-widget-wrap\">\n\t\t\t\t\t\t<div class=\"elementor-element elementor-element-ed3f145 elementor-widget elementor-widget-text-editor\" data-id=\"ed3f145\" data-element_type=\"widget\" data-widget_type=\"text-editor.default\">\n\t\t\t\t<div class=\"elementor-widget-container\">\n\t\t\t\t\t\t\t\t<div class=\"elementor-text-editor elementor-clearfix\">\n\t\t\t\t<p>Desde el 11 de noviembre hasta el 2 de diciembre de 2021 se desarroll\u00f3 el curso \u201c<em>Herramientas tecnopedag\u00f3gicas para la inclusi\u00f3n de las TIC en las pr\u00e1cticas educativas<\/em>\u201d en la plataforma EVA Udelar y por el sistema de videoconferencia zoom durante 8 encuentros en los cuales participaron docentes de diversas Unidades Acad\u00e9micas.<br \/>En esas instancias el Centro comparti\u00f3:<br \/>&#8211; Experiencias ejecutadas en la Facultad de Ciencias Veterinarias de la Universidad Nacional del Litoral.<br \/>&#8211; Contenidos relacionados con aplicaciones que permiten la interacci\u00f3n y animaci\u00f3n en el proceso de ense\u00f1anza y aprendizaje.<br \/>&#8211; Pr\u00e1cticas educativas mediadas por tecnolog\u00edas emergentes (Realidad Virtual, Realidad Aumentada y Realidad Mixta).<\/p><p>Finalizando el mismo, en un espacio de Cierre, cada docente comparti\u00f3 su valiosa percepci\u00f3n favoreciendo la interacci\u00f3n e intercambio.<\/p>\t\t\t\t\t<\/div>\n\t\t\t\t\t\t<\/div>\n\t\t\t\t<\/div>\n\t\t\t\t\t\t<\/div>\n\t\t\t\t\t<\/div>\n\t\t<\/div>\n\t\t\t\t\t\t\t\t<\/div>\n\t\t\t\t\t<\/div>\n\t\t<\/section>\n\t\t\t\t<section class=\"elementor-section elementor-top-section elementor-element elementor-element-4f5d59d elementor-section-boxed elementor-section-height-default elementor-section-height-default\" data-id=\"4f5d59d\" data-element_type=\"section\">\n\t\t\t\t\t\t<div class=\"elementor-container elementor-column-gap-default\">\n\t\t\t\t\t\t\t<div class=\"elementor-row\">\n\t\t\t\t\t<div class=\"elementor-column elementor-col-50 elementor-top-column elementor-element elementor-element-f9febed\" data-id=\"f9febed\" data-element_type=\"column\">\n\t\t\t<div class=\"elementor-column-wrap elementor-element-populated\">\n\t\t\t\t\t\t\t<div class=\"elementor-widget-wrap\">\n\t\t\t\t\t\t<div class=\"elementor-element elementor-element-ea160b5 elementor-widget-divider--view-line elementor-widget elementor-widget-divider\" data-id=\"ea160b5\" data-element_type=\"widget\" data-widget_type=\"divider.default\">\n\t\t\t\t<div class=\"elementor-widget-container\">\n\t\t\t\t\t<div class=\"elementor-divider\">\n\t\t\t<span class=\"elementor-divider-separator\">\n\t\t\t\t\t\t<\/span>\n\t\t<\/div>\n\t\t\t\t<\/div>\n\t\t\t\t<\/div>\n\t\t\t\t<div class=\"elementor-element elementor-element-b1049a4 elementor-widget-divider--view-line elementor-widget elementor-widget-divider\" data-id=\"b1049a4\" data-element_type=\"widget\" data-widget_type=\"divider.default\">\n\t\t\t\t<div class=\"elementor-widget-container\">\n\t\t\t\t\t<div class=\"elementor-divider\">\n\t\t\t<span class=\"elementor-divider-separator\">\n\t\t\t\t\t\t<\/span>\n\t\t<\/div>\n\t\t\t\t<\/div>\n\t\t\t\t<\/div>\n\t\t\t\t<div class=\"elementor-element elementor-element-f9f8b8d elementor-widget elementor-widget-image\" data-id=\"f9f8b8d\" data-element_type=\"widget\" data-widget_type=\"image.default\">\n\t\t\t\t<div class=\"elementor-widget-container\">\n\t\t\t\t\t\t\t\t<div class=\"elementor-image\">\n\t\t\t\t\t\t\t\t\t\t\t\t<img width=\"1024\" height=\"282\" src=\"https:\/\/fcv.unl.edu.ar\/citec\/wp-content\/uploads\/2022\/02\/Nuevo_Logo_FCV-01-1024x282-1024x282.png\" class=\"attachment-large size-large\" alt=\"\" loading=\"lazy\" srcset=\"https:\/\/fcv.unl.edu.ar\/citec\/wp-content\/uploads\/2022\/02\/Nuevo_Logo_FCV-01-1024x282.png 1024w, https:\/\/fcv.unl.edu.ar\/citec\/wp-content\/uploads\/2022\/02\/Nuevo_Logo_FCV-01-1024x282-300x83.png 300w, https:\/\/fcv.unl.edu.ar\/citec\/wp-content\/uploads\/2022\/02\/Nuevo_Logo_FCV-01-1024x282-768x212.png 768w\" sizes=\"(max-width: 1024px) 100vw, 1024px\" \/>\t\t\t\t\t\t\t\t\t\t\t\t\t\t<\/div>\n\t\t\t\t\t\t<\/div>\n\t\t\t\t<\/div>\n\t\t\t\t<div class=\"elementor-element elementor-element-b745fac elementor-widget elementor-widget-image\" data-id=\"b745fac\" data-element_type=\"widget\" data-widget_type=\"image.default\">\n\t\t\t\t<div class=\"elementor-widget-container\">\n\t\t\t\t\t\t\t\t<div class=\"elementor-image\">\n\t\t\t\t\t\t\t\t\t\t\t\t<img width=\"334\" height=\"82\" src=\"https:\/\/fcv.unl.edu.ar\/citec\/wp-content\/uploads\/2019\/03\/Sin-t\u00edtulo-1.png\" class=\"attachment-large size-large\" alt=\"\" loading=\"lazy\" srcset=\"https:\/\/fcv.unl.edu.ar\/citec\/wp-content\/uploads\/2019\/03\/Sin-t\u00edtulo-1.png 334w, https:\/\/fcv.unl.edu.ar\/citec\/wp-content\/uploads\/2019\/03\/Sin-t\u00edtulo-1-300x74.png 300w\" sizes=\"(max-width: 334px) 100vw, 334px\" \/>\t\t\t\t\t\t\t\t\t\t\t\t\t\t<\/div>\n\t\t\t\t\t\t<\/div>\n\t\t\t\t<\/div>\n\t\t\t\t<div class=\"elementor-element elementor-element-daa57a1 elementor-widget elementor-widget-image\" data-id=\"daa57a1\" data-element_type=\"widget\" data-widget_type=\"image.default\">\n\t\t\t\t<div class=\"elementor-widget-container\">\n\t\t\t\t\t\t\t\t<div class=\"elementor-image\">\n\t\t\t\t\t\t\t\t\t\t\t\t<img width=\"973\" height=\"351\" src=\"https:\/\/fcv.unl.edu.ar\/citec\/wp-content\/uploads\/2022\/02\/fvet.png\" class=\"attachment-large size-large\" alt=\"\" loading=\"lazy\" srcset=\"https:\/\/fcv.unl.edu.ar\/citec\/wp-content\/uploads\/2022\/02\/fvet.png 973w, https:\/\/fcv.unl.edu.ar\/citec\/wp-content\/uploads\/2022\/02\/fvet-300x108.png 300w, https:\/\/fcv.unl.edu.ar\/citec\/wp-content\/uploads\/2022\/02\/fvet-768x277.png 768w\" sizes=\"(max-width: 973px) 100vw, 973px\" \/>\t\t\t\t\t\t\t\t\t\t\t\t\t\t<\/div>\n\t\t\t\t\t\t<\/div>\n\t\t\t\t<\/div>\n\t\t\t\t\t\t<\/div>\n\t\t\t\t\t<\/div>\n\t\t<\/div>\n\t\t\t\t<div class=\"elementor-column elementor-col-50 elementor-top-column elementor-element elementor-element-6579d38\" data-id=\"6579d38\" data-element_type=\"column\">\n\t\t\t<div class=\"elementor-column-wrap elementor-element-populated\">\n\t\t\t\t\t\t\t<div class=\"elementor-widget-wrap\">\n\t\t\t\t\t\t<div class=\"elementor-element elementor-element-ebbd60c elementor-widget elementor-widget-image\" data-id=\"ebbd60c\" data-element_type=\"widget\" data-widget_type=\"image.default\">\n\t\t\t\t<div class=\"elementor-widget-container\">\n\t\t\t\t\t\t\t\t<div class=\"elementor-image\">\n\t\t\t\t\t\t\t\t\t\t\t\t<img width=\"1024\" height=\"516\" src=\"https:\/\/fcv.unl.edu.ar\/citec\/wp-content\/uploads\/2022\/02\/presentaci\u00f3n-1024x516.png\" class=\"attachment-large size-large\" alt=\"\" loading=\"lazy\" srcset=\"https:\/\/fcv.unl.edu.ar\/citec\/wp-content\/uploads\/2022\/02\/presentaci\u00f3n-1024x516.png 1024w, https:\/\/fcv.unl.edu.ar\/citec\/wp-content\/uploads\/2022\/02\/presentaci\u00f3n-300x151.png 300w, https:\/\/fcv.unl.edu.ar\/citec\/wp-content\/uploads\/2022\/02\/presentaci\u00f3n-768x387.png 768w, https:\/\/fcv.unl.edu.ar\/citec\/wp-content\/uploads\/2022\/02\/presentaci\u00f3n.png 1220w\" sizes=\"(max-width: 1024px) 100vw, 1024px\" \/>\t\t\t\t\t\t\t\t\t\t\t\t\t\t<\/div>\n\t\t\t\t\t\t<\/div>\n\t\t\t\t<\/div>\n\t\t\t\t\t\t<\/div>\n\t\t\t\t\t<\/div>\n\t\t<\/div>\n\t\t\t\t\t\t\t\t<\/div>\n\t\t\t\t\t<\/div>\n\t\t<\/section>\n\t\t\t\t<section class=\"elementor-section elementor-top-section elementor-element elementor-element-d1f0d4c elementor-section-boxed elementor-section-height-default elementor-section-height-default\" data-id=\"d1f0d4c\" data-element_type=\"section\">\n\t\t\t\t\t\t<div class=\"elementor-container elementor-column-gap-default\">\n\t\t\t\t\t\t\t<div class=\"elementor-row\">\n\t\t\t\t\t<div class=\"elementor-column elementor-col-100 elementor-top-column elementor-element elementor-element-b97b5cf elementor-invisible\" data-id=\"b97b5cf\" data-element_type=\"column\" data-settings=\"{&quot;motion_fx_motion_fx_mouse&quot;:&quot;yes&quot;,&quot;animation&quot;:&quot;zoomIn&quot;}\">\n\t\t\t<div class=\"elementor-column-wrap elementor-element-populated\">\n\t\t\t\t\t\t\t<div class=\"elementor-widget-wrap\">\n\t\t\t\t\t\t<div class=\"elementor-element elementor-element-bacb15a elementor-widget elementor-widget-text-editor\" data-id=\"bacb15a\" data-element_type=\"widget\" data-widget_type=\"text-editor.default\">\n\t\t\t\t<div class=\"elementor-widget-container\">\n\t\t\t\t\t\t\t\t<div class=\"elementor-text-editor elementor-clearfix\">\n\t\t\t\t<h3><strong>\u00a0Agradecemos a Udelar por la oportunidad de ser parte de esta instancia de formaci\u00f3n.<\/strong><\/h3>\t\t\t\t\t<\/div>\n\t\t\t\t\t\t<\/div>\n\t\t\t\t<\/div>\n\t\t\t\t\t\t<\/div>\n\t\t\t\t\t<\/div>\n\t\t<\/div>\n\t\t\t\t\t\t\t\t<\/div>\n\t\t\t\t\t<\/div>\n\t\t<\/section>\n\t\t\t\t\t\t\t\t\t<\/div>\n\t\t\t<\/div>\n\t\t\t\t\t<\/div>\n\t\t","protected":false},"excerpt":{"rendered":"<p>Integrantes del Centro de Innovaci\u00f3n Tecnol\u00f3gica participaron en el dise\u00f1o y desarrollo del curso de formaci\u00f3n \u201cHerramientas tecnopedag\u00f3gicas para la inclusi\u00f3n de las TIC en las pr\u00e1cticas educativas\u201d organizado por Unidad de Educaci\u00f3n Veterinaria &#8211; Departamento de Ciencias Sociales de la Facultad de Veterinaria de la Universidad de la Rep\u00fablica. <\/p>\n","protected":false},"author":5,"featured_media":4409,"comment_status":"open","ping_status":"open","sticky":false,"template":"","format":"standard","meta":[],"categories":[18,17,16],"tags":[],"_links":{"self":[{"href":"https:\/\/fcv.unl.edu.ar\/citec\/index.php?rest_route=\/wp\/v2\/posts\/4407"}],"collection":[{"href":"https:\/\/fcv.unl.edu.ar\/citec\/index.php?rest_route=\/wp\/v2\/posts"}],"about":[{"href":"https:\/\/fcv.unl.edu.ar\/citec\/index.php?rest_route=\/wp\/v2\/types\/post"}],"author":[{"embeddable":true,"href":"https:\/\/fcv.unl.edu.ar\/citec\/index.php?rest_route=\/wp\/v2\/users\/5"}],"replies":[{"embeddable":true,"href":"https:\/\/fcv.unl.edu.ar\/citec\/index.php?rest_route=%2Fwp%2Fv2%2Fcomments&post=4407"}],"version-history":[{"count":17,"href":"https:\/\/fcv.unl.edu.ar\/citec\/index.php?rest_route=\/wp\/v2\/posts\/4407\/revisions"}],"predecessor-version":[{"id":4486,"href":"https:\/\/fcv.unl.edu.ar\/citec\/index.php?rest_route=\/wp\/v2\/posts\/4407\/revisions\/4486"}],"wp:featuredmedia":[{"embeddable":true,"href":"https:\/\/fcv.unl.edu.ar\/citec\/index.php?rest_route=\/wp\/v2\/media\/4409"}],"wp:attachment":[{"href":"https:\/\/fcv.unl.edu.ar\/citec\/index.php?rest_route=%2Fwp%2Fv2%2Fmedia&parent=4407"}],"wp:term":[{"taxonomy":"category","embeddable":true,"href":"https:\/\/fcv.unl.edu.ar\/citec\/index.php?rest_route=%2Fwp%2Fv2%2Fcategories&post=4407"},{"taxonomy":"post_tag","embeddable":true,"href":"https:\/\/fcv.unl.edu.ar\/citec\/index.php?rest_route=%2Fwp%2Fv2%2Ftags&post=4407"}],"curies":[{"name":"wp","href":"https:\/\/api.w.org\/{rel}","templated":true}]}}