{"id":4167,"date":"2021-12-05T13:04:00","date_gmt":"2021-12-05T16:04:00","guid":{"rendered":"https:\/\/fcv.unl.edu.ar\/citec\/?p=4167"},"modified":"2022-06-01T10:28:20","modified_gmt":"2022-06-01T13:28:20","slug":"webinars-creacion-de-contenidos-interactivos-y-animados-para-la-ensenanza","status":"publish","type":"post","link":"https:\/\/fcv.unl.edu.ar\/citec\/?p=4167","title":{"rendered":"Webinars &#8220;Creaci\u00f3n de contenidos interactivos y animados para la ense\u00f1anza&#8221;"},"content":{"rendered":"\t\t<div data-elementor-type=\"wp-post\" data-elementor-id=\"4167\" class=\"elementor elementor-4167\">\n\t\t\t\t\t\t<div class=\"elementor-inner\">\n\t\t\t\t<div class=\"elementor-section-wrap\">\n\t\t\t\t\t\t\t\t\t<section class=\"elementor-section elementor-top-section elementor-element elementor-element-e246c51 elementor-section-boxed elementor-section-height-default elementor-section-height-default\" data-id=\"e246c51\" data-element_type=\"section\">\n\t\t\t\t\t\t<div class=\"elementor-container elementor-column-gap-default\">\n\t\t\t\t\t\t\t<div class=\"elementor-row\">\n\t\t\t\t\t<div class=\"elementor-column elementor-col-100 elementor-top-column elementor-element elementor-element-dd303fb\" data-id=\"dd303fb\" data-element_type=\"column\">\n\t\t\t<div class=\"elementor-column-wrap elementor-element-populated\">\n\t\t\t\t\t\t\t<div class=\"elementor-widget-wrap\">\n\t\t\t\t\t\t<div class=\"elementor-element elementor-element-90a2ade elementor-widget elementor-widget-text-editor\" data-id=\"90a2ade\" data-element_type=\"widget\" data-widget_type=\"text-editor.default\">\n\t\t\t\t<div class=\"elementor-widget-container\">\n\t\t\t\t\t\t\t\t<div class=\"elementor-text-editor elementor-clearfix\">\n\t\t\t\t<p>En el marco del Proyecto Integral para la Consolidaci\u00f3n de la Ense\u00f1anza (PICE) Convocatoria 2021-Virtualizaci\u00f3n pedag\u00f3gica UNL denominado \u201cPlan de Virtualizaci\u00f3n en FCV-UNL\u201d incluido en el Plan VES I. Resoluci\u00f3n SPU 122\/20 se concretaron los webinars \u201c<em>Contenidos interactivos y animados para la ense\u00f1anza<\/em>\u201d con la finalidad de conocer y transmitir el uso de herramientas on line que puedan integrarse en las pr\u00e1cticas de ense\u00f1anza de docentes FCV-UNL.<\/p>\t\t\t\t\t<\/div>\n\t\t\t\t\t\t<\/div>\n\t\t\t\t<\/div>\n\t\t\t\t\t\t<\/div>\n\t\t\t\t\t<\/div>\n\t\t<\/div>\n\t\t\t\t\t\t\t\t<\/div>\n\t\t\t\t\t<\/div>\n\t\t<\/section>\n\t\t\t\t<section class=\"elementor-section elementor-top-section elementor-element elementor-element-15faa21 elementor-section-boxed elementor-section-height-default elementor-section-height-default\" data-id=\"15faa21\" data-element_type=\"section\">\n\t\t\t\t\t\t<div class=\"elementor-container elementor-column-gap-default\">\n\t\t\t\t\t\t\t<div class=\"elementor-row\">\n\t\t\t\t\t<div class=\"elementor-column elementor-col-50 elementor-top-column elementor-element elementor-element-2ebe384\" data-id=\"2ebe384\" data-element_type=\"column\">\n\t\t\t<div class=\"elementor-column-wrap elementor-element-populated\">\n\t\t\t\t\t\t\t<div class=\"elementor-widget-wrap\">\n\t\t\t\t\t\t<div class=\"elementor-element elementor-element-0407864 elementor-widget elementor-widget-text-editor\" data-id=\"0407864\" data-element_type=\"widget\" data-widget_type=\"text-editor.default\">\n\t\t\t\t<div class=\"elementor-widget-container\">\n\t\t\t\t\t\t\t\t<div class=\"elementor-text-editor elementor-clearfix\">\n\t\t\t\t<p>El d\u00eda 8 de noviembre se llev\u00f3 a cabo el primer Webinars con la presencia de 19 docentes de nuestra Instituci\u00f3n. Se desarrollaron las aplicaciones de Jamboard y Genially mediante la plataforma Zoom institucional.<\/p>\t\t\t\t\t<\/div>\n\t\t\t\t\t\t<\/div>\n\t\t\t\t<\/div>\n\t\t\t\t\t\t<\/div>\n\t\t\t\t\t<\/div>\n\t\t<\/div>\n\t\t\t\t<div class=\"elementor-column elementor-col-50 elementor-top-column elementor-element elementor-element-35fd746\" data-id=\"35fd746\" data-element_type=\"column\">\n\t\t\t<div class=\"elementor-column-wrap elementor-element-populated\">\n\t\t\t\t\t\t\t<div class=\"elementor-widget-wrap\">\n\t\t\t\t\t\t<div class=\"elementor-element elementor-element-099da57 elementor-widget elementor-widget-image\" data-id=\"099da57\" data-element_type=\"widget\" data-widget_type=\"image.default\">\n\t\t\t\t<div class=\"elementor-widget-container\">\n\t\t\t\t\t\t\t\t<div class=\"elementor-image\">\n\t\t\t\t\t\t\t\t\t\t\t\t<img width=\"866\" height=\"394\" src=\"https:\/\/fcv.unl.edu.ar\/citec\/wp-content\/uploads\/2021\/12\/1-webinars.png\" class=\"attachment-large size-large\" alt=\"\" loading=\"lazy\" srcset=\"https:\/\/fcv.unl.edu.ar\/citec\/wp-content\/uploads\/2021\/12\/1-webinars.png 866w, https:\/\/fcv.unl.edu.ar\/citec\/wp-content\/uploads\/2021\/12\/1-webinars-300x136.png 300w, https:\/\/fcv.unl.edu.ar\/citec\/wp-content\/uploads\/2021\/12\/1-webinars-768x349.png 768w\" sizes=\"(max-width: 866px) 100vw, 866px\" \/>\t\t\t\t\t\t\t\t\t\t\t\t\t\t<\/div>\n\t\t\t\t\t\t<\/div>\n\t\t\t\t<\/div>\n\t\t\t\t\t\t<\/div>\n\t\t\t\t\t<\/div>\n\t\t<\/div>\n\t\t\t\t\t\t\t\t<\/div>\n\t\t\t\t\t<\/div>\n\t\t<\/section>\n\t\t\t\t<section class=\"elementor-section elementor-top-section elementor-element elementor-element-e57e716 elementor-section-boxed elementor-section-height-default elementor-section-height-default\" data-id=\"e57e716\" data-element_type=\"section\">\n\t\t\t\t\t\t<div class=\"elementor-container elementor-column-gap-default\">\n\t\t\t\t\t\t\t<div class=\"elementor-row\">\n\t\t\t\t\t<div class=\"elementor-column elementor-col-50 elementor-top-column elementor-element elementor-element-cc70343\" data-id=\"cc70343\" data-element_type=\"column\">\n\t\t\t<div class=\"elementor-column-wrap elementor-element-populated\">\n\t\t\t\t\t\t\t<div class=\"elementor-widget-wrap\">\n\t\t\t\t\t\t<div class=\"elementor-element elementor-element-b62a9a7 elementor-widget elementor-widget-text-editor\" data-id=\"b62a9a7\" data-element_type=\"widget\" data-widget_type=\"text-editor.default\">\n\t\t\t\t<div class=\"elementor-widget-container\">\n\t\t\t\t\t\t\t\t<div class=\"elementor-text-editor elementor-clearfix\">\n\t\t\t\t<p>El d\u00eda 16 de noviembre se llev\u00f3 a cabo el segundo Webinars con la presencia de 15 docentes de nuestra Instituci\u00f3n.\u00a0Se desarrollaron en esta oportunidad las aplicaciones de Padlet y Voicethread mediante la plataforma Zoom institucional.<\/p>\t\t\t\t\t<\/div>\n\t\t\t\t\t\t<\/div>\n\t\t\t\t<\/div>\n\t\t\t\t\t\t<\/div>\n\t\t\t\t\t<\/div>\n\t\t<\/div>\n\t\t\t\t<div class=\"elementor-column elementor-col-50 elementor-top-column elementor-element elementor-element-b5062f4\" data-id=\"b5062f4\" data-element_type=\"column\">\n\t\t\t<div class=\"elementor-column-wrap elementor-element-populated\">\n\t\t\t\t\t\t\t<div class=\"elementor-widget-wrap\">\n\t\t\t\t\t\t<div class=\"elementor-element elementor-element-742bd40 elementor-widget elementor-widget-image\" data-id=\"742bd40\" data-element_type=\"widget\" data-widget_type=\"image.default\">\n\t\t\t\t<div class=\"elementor-widget-container\">\n\t\t\t\t\t\t\t\t<div class=\"elementor-image\">\n\t\t\t\t\t\t\t\t\t\t\t\t<img width=\"859\" height=\"381\" src=\"https:\/\/fcv.unl.edu.ar\/citec\/wp-content\/uploads\/2021\/12\/webinars-2.png\" class=\"attachment-large size-large\" alt=\"\" loading=\"lazy\" srcset=\"https:\/\/fcv.unl.edu.ar\/citec\/wp-content\/uploads\/2021\/12\/webinars-2.png 859w, https:\/\/fcv.unl.edu.ar\/citec\/wp-content\/uploads\/2021\/12\/webinars-2-300x133.png 300w, https:\/\/fcv.unl.edu.ar\/citec\/wp-content\/uploads\/2021\/12\/webinars-2-768x341.png 768w\" sizes=\"(max-width: 859px) 100vw, 859px\" \/>\t\t\t\t\t\t\t\t\t\t\t\t\t\t<\/div>\n\t\t\t\t\t\t<\/div>\n\t\t\t\t<\/div>\n\t\t\t\t\t\t<\/div>\n\t\t\t\t\t<\/div>\n\t\t<\/div>\n\t\t\t\t\t\t\t\t<\/div>\n\t\t\t\t\t<\/div>\n\t\t<\/section>\n\t\t\t\t<section class=\"elementor-section elementor-top-section elementor-element elementor-element-baa70ce elementor-section-boxed elementor-section-height-default elementor-section-height-default\" data-id=\"baa70ce\" data-element_type=\"section\">\n\t\t\t\t\t\t<div class=\"elementor-container elementor-column-gap-default\">\n\t\t\t\t\t\t\t<div class=\"elementor-row\">\n\t\t\t\t\t<div class=\"elementor-column elementor-col-100 elementor-top-column elementor-element elementor-element-e4d36c2\" data-id=\"e4d36c2\" data-element_type=\"column\">\n\t\t\t<div class=\"elementor-column-wrap elementor-element-populated\">\n\t\t\t\t\t\t\t<div class=\"elementor-widget-wrap\">\n\t\t\t\t\t\t<div class=\"elementor-element elementor-element-5b5aea0 elementor-widget elementor-widget-text-editor\" data-id=\"5b5aea0\" data-element_type=\"widget\" data-widget_type=\"text-editor.default\">\n\t\t\t\t<div class=\"elementor-widget-container\">\n\t\t\t\t\t\t\t\t<div class=\"elementor-text-editor elementor-clearfix\">\n\t\t\t\t<p>Finalizada la instancia de exposiciones se invit\u00f3 a los docentes a participar de dos actividades integrando las aplicaciones desarrolladas.Concluimos que estos encuentros fueron \u00fatiles para acercar herramientas que potencien la motivaci\u00f3n de todos los participantes de la Comunidad Educativa, promuevan din\u00e1mica interacci\u00f3n de los estudiantes con los\u00a0 contenidos favoreciendo la captaci\u00f3n y retenci\u00f3n de los mismos e involucr\u00e1ndose activamente en su aprendizaje.<\/p>\t\t\t\t\t<\/div>\n\t\t\t\t\t\t<\/div>\n\t\t\t\t<\/div>\n\t\t\t\t\t\t<\/div>\n\t\t\t\t\t<\/div>\n\t\t<\/div>\n\t\t\t\t\t\t\t\t<\/div>\n\t\t\t\t\t<\/div>\n\t\t<\/section>\n\t\t\t\t\t\t\t\t\t<\/div>\n\t\t\t<\/div>\n\t\t\t\t\t<\/div>\n\t\t","protected":false},"excerpt":{"rendered":"<p>En el marco del Proyecto Integral para la Consolidaci\u00f3n de la Ense\u00f1anza (PICE) Convocatoria 2021-Virtualizaci\u00f3n pedag\u00f3gica UNL denominado \u201cPlan de Virtualizaci\u00f3n en FCV-UNL\u201d incluido en el Plan VES I. Resoluci\u00f3n SPU 122\/20 se concretaron los webinars \u201cContenidos interactivos y animados para la ense\u00f1anza\u201d con la finalidad de conocer y transmitir el uso de herramientas on [&hellip;]<\/p>\n","protected":false},"author":5,"featured_media":4185,"comment_status":"open","ping_status":"open","sticky":false,"template":"","format":"standard","meta":[],"categories":[26,24],"tags":[],"_links":{"self":[{"href":"https:\/\/fcv.unl.edu.ar\/citec\/index.php?rest_route=\/wp\/v2\/posts\/4167"}],"collection":[{"href":"https:\/\/fcv.unl.edu.ar\/citec\/index.php?rest_route=\/wp\/v2\/posts"}],"about":[{"href":"https:\/\/fcv.unl.edu.ar\/citec\/index.php?rest_route=\/wp\/v2\/types\/post"}],"author":[{"embeddable":true,"href":"https:\/\/fcv.unl.edu.ar\/citec\/index.php?rest_route=\/wp\/v2\/users\/5"}],"replies":[{"embeddable":true,"href":"https:\/\/fcv.unl.edu.ar\/citec\/index.php?rest_route=%2Fwp%2Fv2%2Fcomments&post=4167"}],"version-history":[{"count":25,"href":"https:\/\/fcv.unl.edu.ar\/citec\/index.php?rest_route=\/wp\/v2\/posts\/4167\/revisions"}],"predecessor-version":[{"id":5236,"href":"https:\/\/fcv.unl.edu.ar\/citec\/index.php?rest_route=\/wp\/v2\/posts\/4167\/revisions\/5236"}],"wp:featuredmedia":[{"embeddable":true,"href":"https:\/\/fcv.unl.edu.ar\/citec\/index.php?rest_route=\/wp\/v2\/media\/4185"}],"wp:attachment":[{"href":"https:\/\/fcv.unl.edu.ar\/citec\/index.php?rest_route=%2Fwp%2Fv2%2Fmedia&parent=4167"}],"wp:term":[{"taxonomy":"category","embeddable":true,"href":"https:\/\/fcv.unl.edu.ar\/citec\/index.php?rest_route=%2Fwp%2Fv2%2Fcategories&post=4167"},{"taxonomy":"post_tag","embeddable":true,"href":"https:\/\/fcv.unl.edu.ar\/citec\/index.php?rest_route=%2Fwp%2Fv2%2Ftags&post=4167"}],"curies":[{"name":"wp","href":"https:\/\/api.w.org\/{rel}","templated":true}]}}