{"id":2805,"date":"2020-04-16T17:40:23","date_gmt":"2020-04-16T20:40:23","guid":{"rendered":"https:\/\/fcv.unl.edu.ar\/citec\/?p=2805"},"modified":"2020-04-16T18:22:44","modified_gmt":"2020-04-16T21:22:44","slug":"trabajo-en-equipo-para-la-entrega-de-mascaras-de-proteccion-facial","status":"publish","type":"post","link":"https:\/\/fcv.unl.edu.ar\/citec\/?p=2805","title":{"rendered":"Trabajo en equipo para la Entrega de M\u00e1scaras de Protecci\u00f3n Facial"},"content":{"rendered":"\t\t<div data-elementor-type=\"wp-post\" data-elementor-id=\"2805\" class=\"elementor elementor-2805\">\n\t\t\t\t\t\t<div class=\"elementor-inner\">\n\t\t\t\t<div class=\"elementor-section-wrap\">\n\t\t\t\t\t\t\t\t\t<section class=\"elementor-section elementor-top-section elementor-element elementor-element-4814e38 elementor-section-boxed elementor-section-height-default elementor-section-height-default\" data-id=\"4814e38\" data-element_type=\"section\">\n\t\t\t\t\t\t<div class=\"elementor-container elementor-column-gap-default\">\n\t\t\t\t\t\t\t<div class=\"elementor-row\">\n\t\t\t\t\t<div class=\"elementor-column elementor-col-100 elementor-top-column elementor-element elementor-element-409dd7b\" data-id=\"409dd7b\" data-element_type=\"column\">\n\t\t\t<div class=\"elementor-column-wrap elementor-element-populated\">\n\t\t\t\t\t\t\t<div class=\"elementor-widget-wrap\">\n\t\t\t\t\t\t<div class=\"elementor-element elementor-element-7dd6564 elementor-widget elementor-widget-text-editor\" data-id=\"7dd6564\" data-element_type=\"widget\" data-widget_type=\"text-editor.default\">\n\t\t\t\t<div class=\"elementor-widget-container\">\n\t\t\t\t\t\t\t\t<div class=\"elementor-text-editor elementor-clearfix\">\n\t\t\t\t<p><span style=\"font-family: 'Libre Franklin', sans-serif; font-size: 14px; font-style: normal; font-variant-ligatures: normal; font-variant-caps: normal; font-weight: 400;\">La Facultad de Ciencias Veterinarias (FCV-UNL), a trav\u00e9s del CITec (Centro de Innovaci\u00f3n Tecnol\u00f3gica), junto a personal de la Escuela de Agricultura, Ganader\u00eda y Granja (EAGG) se encuentran realizando m\u00e1scaras de protecci\u00f3n facial elaboradas mediante tecnolog\u00eda\u00a0de impresi\u00f3n 3D (Vitofeli XY &#8211; delta Overlord pro+), solicitadas por el Hospital SAMCO de la ciudad de Esperanza.<\/span><\/p><p>Este lunes 6 de abril se realiz\u00f3 una segunda entrega de m\u00e1scaras de protecci\u00f3n facial al personal del Servicio 107 y al Cuartel de Bomberos Voluntarios.<\/p><p>De la entrega particip\u00f3 el Vicedecano de la Facultad de Ciencias Veterinarias, Dr. Hugo Ortega, quien dio algunas precisiones: \u201c<em>Estamos dando respuestas a requerimientos que hemos recibido a trav\u00e9s de la participaci\u00f3n de nuestra Instituci\u00f3n como miembro activo de la Junta de Defensa Civil de la Ciudad de Esperanza. Esta acci\u00f3n se enmarca en una serie de propuestas y soluciones que intentamos aportar a la situaci\u00f3n en la que estamos inmersos<\/em>\u201d.<\/p><p>Estas m\u00e1scaras est\u00e1n constituidas por una visera realizada con material PLA (\u00c1cido Polil\u00e1ctico) de 1.75 mm, material termopl\u00e1stico biodegradable, hecho a base de recursos renovables y el agregado de una l\u00e1mina transparente de material PVC. El dise\u00f1o y materiales fueron provistos por Universidad Nacional del Litoral (UNL).<\/p>\t\t\t\t\t<\/div>\n\t\t\t\t\t\t<\/div>\n\t\t\t\t<\/div>\n\t\t\t\t\t\t<\/div>\n\t\t\t\t\t<\/div>\n\t\t<\/div>\n\t\t\t\t\t\t\t\t<\/div>\n\t\t\t\t\t<\/div>\n\t\t<\/section>\n\t\t\t\t\t\t\t\t\t<\/div>\n\t\t\t<\/div>\n\t\t\t\t\t<\/div>\n\t\t","protected":false},"excerpt":{"rendered":"<p>Este lunes 6 de abril se realiz\u00f3 una segunda entrega de m\u00e1scaras de protecci\u00f3n facial al personal del Servicio 107 y al Cuartel de Bomberos Voluntarios. De la entrega particip\u00f3 el vicedecano de la Facultad de Ciencias Veterinarias, Dr. Hugo Ortega. <\/p>\n","protected":false},"author":5,"featured_media":2818,"comment_status":"open","ping_status":"open","sticky":false,"template":"","format":"standard","meta":[],"categories":[18,16,1],"tags":[],"_links":{"self":[{"href":"https:\/\/fcv.unl.edu.ar\/citec\/index.php?rest_route=\/wp\/v2\/posts\/2805"}],"collection":[{"href":"https:\/\/fcv.unl.edu.ar\/citec\/index.php?rest_route=\/wp\/v2\/posts"}],"about":[{"href":"https:\/\/fcv.unl.edu.ar\/citec\/index.php?rest_route=\/wp\/v2\/types\/post"}],"author":[{"embeddable":true,"href":"https:\/\/fcv.unl.edu.ar\/citec\/index.php?rest_route=\/wp\/v2\/users\/5"}],"replies":[{"embeddable":true,"href":"https:\/\/fcv.unl.edu.ar\/citec\/index.php?rest_route=%2Fwp%2Fv2%2Fcomments&post=2805"}],"version-history":[{"count":8,"href":"https:\/\/fcv.unl.edu.ar\/citec\/index.php?rest_route=\/wp\/v2\/posts\/2805\/revisions"}],"predecessor-version":[{"id":2817,"href":"https:\/\/fcv.unl.edu.ar\/citec\/index.php?rest_route=\/wp\/v2\/posts\/2805\/revisions\/2817"}],"wp:featuredmedia":[{"embeddable":true,"href":"https:\/\/fcv.unl.edu.ar\/citec\/index.php?rest_route=\/wp\/v2\/media\/2818"}],"wp:attachment":[{"href":"https:\/\/fcv.unl.edu.ar\/citec\/index.php?rest_route=%2Fwp%2Fv2%2Fmedia&parent=2805"}],"wp:term":[{"taxonomy":"category","embeddable":true,"href":"https:\/\/fcv.unl.edu.ar\/citec\/index.php?rest_route=%2Fwp%2Fv2%2Fcategories&post=2805"},{"taxonomy":"post_tag","embeddable":true,"href":"https:\/\/fcv.unl.edu.ar\/citec\/index.php?rest_route=%2Fwp%2Fv2%2Ftags&post=2805"}],"curies":[{"name":"wp","href":"https:\/\/api.w.org\/{rel}","templated":true}]}}