{"id":1240,"date":"2019-07-02T18:00:30","date_gmt":"2019-07-02T16:00:30","guid":{"rendered":"https:\/\/fcv.unl.edu.ar\/citec\/?p=1240"},"modified":"2019-09-23T20:12:52","modified_gmt":"2019-09-23T18:12:52","slug":"jornada-manejo-de-la-plataforma-educativa-moodle","status":"publish","type":"post","link":"https:\/\/fcv.unl.edu.ar\/citec\/?p=1240","title":{"rendered":"Jornada &#8220;Manejo de la plataforma educativa Moodle&#8221;"},"content":{"rendered":"\t\t<div data-elementor-type=\"wp-post\" data-elementor-id=\"1240\" class=\"elementor elementor-1240\">\n\t\t\t\t\t\t<div class=\"elementor-inner\">\n\t\t\t\t<div class=\"elementor-section-wrap\">\n\t\t\t\t\t\t\t\t\t<section class=\"elementor-section elementor-top-section elementor-element elementor-element-f4703bb elementor-section-boxed elementor-section-height-default elementor-section-height-default\" data-id=\"f4703bb\" data-element_type=\"section\">\n\t\t\t\t\t\t<div class=\"elementor-container elementor-column-gap-default\">\n\t\t\t\t\t\t\t<div class=\"elementor-row\">\n\t\t\t\t\t<div class=\"elementor-column elementor-col-100 elementor-top-column elementor-element elementor-element-839f813\" data-id=\"839f813\" data-element_type=\"column\">\n\t\t\t<div class=\"elementor-column-wrap elementor-element-populated\">\n\t\t\t\t\t\t\t<div class=\"elementor-widget-wrap\">\n\t\t\t\t\t\t<div class=\"elementor-element elementor-element-9079dd7 elementor-widget elementor-widget-text-editor\" data-id=\"9079dd7\" data-element_type=\"widget\" data-widget_type=\"text-editor.default\">\n\t\t\t\t<div class=\"elementor-widget-container\">\n\t\t\t\t\t\t\t\t<div class=\"elementor-text-editor elementor-clearfix\">\n\t\t\t\t<p>Instancia presencial de formaci\u00f3n pr\u00e1ctica con el objetivo de incentivar y fortalecer el uso de las herramientas que ofrece la plataforma Moodle integradas a las pr\u00e1cticas educativas universitarias.<\/p><p><strong>Contenidos<\/strong><\/p><ul><li>El rol docente en las plataformas virtuales.<\/li><li>Clasificaci\u00f3n de herramientas: Herramientas de gesti\u00f3n.<\/li><li>Recursos: a qu\u00e9 nos referimos con \u201cRecursos\u201d y \u201cMateriales Did\u00e1cticos\u201d.<\/li><li>Herramienta de comunicaci\u00f3n: Chat y Foros (comunicaci\u00f3n sincr\u00f3nica y asincr\u00f3nica), Creaci\u00f3n de consignas.<\/li><li>Herramientas de evaluaci\u00f3n. Generalidades <br \/>\u25cb Cuestionarios.<br \/>\u25cb Tarea.<br \/>\u25cb Wiki.<br \/>\u25cb Glosario.<br \/>\u25cb Encuesta: Evaluaci\u00f3n del curso o de una actividad.<br \/>\u25cb Base de datos.<\/li><\/ul>\t\t\t\t\t<\/div>\n\t\t\t\t\t\t<\/div>\n\t\t\t\t<\/div>\n\t\t\t\t\t\t<\/div>\n\t\t\t\t\t<\/div>\n\t\t<\/div>\n\t\t\t\t\t\t\t\t<\/div>\n\t\t\t\t\t<\/div>\n\t\t<\/section>\n\t\t\t\t<section class=\"elementor-section elementor-top-section elementor-element elementor-element-605e499 elementor-section-boxed elementor-section-height-default elementor-section-height-default\" data-id=\"605e499\" data-element_type=\"section\">\n\t\t\t\t\t\t<div class=\"elementor-container elementor-column-gap-default\">\n\t\t\t\t\t\t\t<div class=\"elementor-row\">\n\t\t\t\t\t<div class=\"elementor-column elementor-col-50 elementor-top-column elementor-element elementor-element-4f068ca\" data-id=\"4f068ca\" data-element_type=\"column\">\n\t\t\t<div class=\"elementor-column-wrap elementor-element-populated\">\n\t\t\t\t\t\t\t<div class=\"elementor-widget-wrap\">\n\t\t\t\t\t\t<div class=\"elementor-element elementor-element-6812f0f elementor-widget elementor-widget-text-editor\" data-id=\"6812f0f\" data-element_type=\"widget\" data-widget_type=\"text-editor.default\">\n\t\t\t\t<div class=\"elementor-widget-container\">\n\t\t\t\t\t\t\t\t<div class=\"elementor-text-editor elementor-clearfix\">\n\t\t\t\t<p><b>Fecha de realizaci\u00f3n<br \/><\/b><span style=\"font-size: 14px;\">Martes 28 de mayo de 2019<\/span><\/p><p><b>Carga horaria en horas reloj<br \/><\/b>6 horas<\/p>\t\t\t\t\t<\/div>\n\t\t\t\t\t\t<\/div>\n\t\t\t\t<\/div>\n\t\t\t\t<div class=\"elementor-element elementor-element-a578615 elementor-widget elementor-widget-image\" data-id=\"a578615\" data-element_type=\"widget\" data-widget_type=\"image.default\">\n\t\t\t\t<div class=\"elementor-widget-container\">\n\t\t\t\t\t\t\t\t<div class=\"elementor-image\">\n\t\t\t\t\t\t\t\t\t\t\t\t<img width=\"1024\" height=\"1024\" src=\"https:\/\/fcv.unl.edu.ar\/citec\/wp-content\/uploads\/2019\/07\/jornadaPaolaCabralDifusion-1024x1024.jpeg\" class=\"attachment-large size-large\" alt=\"\" loading=\"lazy\" srcset=\"https:\/\/fcv.unl.edu.ar\/citec\/wp-content\/uploads\/2019\/07\/jornadaPaolaCabralDifusion-1024x1024.jpeg 1024w, https:\/\/fcv.unl.edu.ar\/citec\/wp-content\/uploads\/2019\/07\/jornadaPaolaCabralDifusion-150x150.jpeg 150w, https:\/\/fcv.unl.edu.ar\/citec\/wp-content\/uploads\/2019\/07\/jornadaPaolaCabralDifusion-300x300.jpeg 300w, https:\/\/fcv.unl.edu.ar\/citec\/wp-content\/uploads\/2019\/07\/jornadaPaolaCabralDifusion-768x768.jpeg 768w, https:\/\/fcv.unl.edu.ar\/citec\/wp-content\/uploads\/2019\/07\/jornadaPaolaCabralDifusion.jpeg 1080w\" sizes=\"(max-width: 1024px) 100vw, 1024px\" \/>\t\t\t\t\t\t\t\t\t\t\t\t\t\t<\/div>\n\t\t\t\t\t\t<\/div>\n\t\t\t\t<\/div>\n\t\t\t\t\t\t<\/div>\n\t\t\t\t\t<\/div>\n\t\t<\/div>\n\t\t\t\t<div class=\"elementor-column elementor-col-50 elementor-top-column elementor-element elementor-element-048d0fe\" data-id=\"048d0fe\" data-element_type=\"column\">\n\t\t\t<div class=\"elementor-column-wrap elementor-element-populated\">\n\t\t\t\t\t\t\t<div class=\"elementor-widget-wrap\">\n\t\t\t\t\t\t<div class=\"elementor-element elementor-element-bb17a39 elementor-widget elementor-widget-text-editor\" data-id=\"bb17a39\" data-element_type=\"widget\" data-widget_type=\"text-editor.default\">\n\t\t\t\t<div class=\"elementor-widget-container\">\n\t\t\t\t\t\t\t\t<div class=\"elementor-text-editor elementor-clearfix\">\n\t\t\t\t<p><b>Disertante<br \/><\/b><span style=\"font-size: 14px;\">Dra. Paola Cabral<br \/><\/span><span style=\"font-size: 14px;\">Facultad de Veterinaria (FVet) \u2013 Universidad de la Rep\u00fablica de Uruguay (Udelar)<\/span><\/p>\t\t\t\t\t<\/div>\n\t\t\t\t\t\t<\/div>\n\t\t\t\t<\/div>\n\t\t\t\t<div class=\"elementor-element elementor-element-1bf528d elementor-widget-divider--view-line elementor-widget elementor-widget-divider\" data-id=\"1bf528d\" data-element_type=\"widget\" data-widget_type=\"divider.default\">\n\t\t\t\t<div class=\"elementor-widget-container\">\n\t\t\t\t\t<div class=\"elementor-divider\">\n\t\t\t<span class=\"elementor-divider-separator\">\n\t\t\t\t\t\t<\/span>\n\t\t<\/div>\n\t\t\t\t<\/div>\n\t\t\t\t<\/div>\n\t\t\t\t<div class=\"elementor-element elementor-element-aab6d1f elementor-widget elementor-widget-text-editor\" data-id=\"aab6d1f\" data-element_type=\"widget\" data-widget_type=\"text-editor.default\">\n\t\t\t\t<div class=\"elementor-widget-container\">\n\t\t\t\t\t\t\t\t<div class=\"elementor-text-editor elementor-clearfix\">\n\t\t\t\t<p><b>Docentes colaboradores<br \/><\/b><span style=\"font-size: 14px;\">Facultad de Ciencias Veterinarias (FCV) \u2013 Universidad Nacional del Litoral (UNL)<\/span><\/p><ul><li>Carina Gramaglia<\/li><li><span style=\"font-size: 14px;\">Luciana Cignetti<\/span><\/li><li><span style=\"font-size: 14px;\">Gabriela Aressi<\/span><\/li><li><span style=\"font-size: 14px;\">Leandro Palmieri<\/span><\/li><\/ul>\t\t\t\t\t<\/div>\n\t\t\t\t\t\t<\/div>\n\t\t\t\t<\/div>\n\t\t\t\t\t\t<\/div>\n\t\t\t\t\t<\/div>\n\t\t<\/div>\n\t\t\t\t\t\t\t\t<\/div>\n\t\t\t\t\t<\/div>\n\t\t<\/section>\n\t\t\t\t<section class=\"elementor-section elementor-top-section elementor-element elementor-element-64c455d elementor-section-boxed elementor-section-height-default elementor-section-height-default\" data-id=\"64c455d\" data-element_type=\"section\">\n\t\t\t\t\t\t<div class=\"elementor-container elementor-column-gap-default\">\n\t\t\t\t\t\t\t<div class=\"elementor-row\">\n\t\t\t\t\t<div class=\"elementor-column elementor-col-100 elementor-top-column elementor-element elementor-element-968cff2\" data-id=\"968cff2\" data-element_type=\"column\">\n\t\t\t<div class=\"elementor-column-wrap elementor-element-populated\">\n\t\t\t\t\t\t\t<div class=\"elementor-widget-wrap\">\n\t\t\t\t\t\t<div class=\"elementor-element elementor-element-093d75f elementor-widget elementor-widget-heading\" data-id=\"093d75f\" data-element_type=\"widget\" data-widget_type=\"heading.default\">\n\t\t\t\t<div class=\"elementor-widget-container\">\n\t\t\t<h2 class=\"elementor-heading-title elementor-size-default\">Jornada 28 de mayo 2019<\/h2>\t\t<\/div>\n\t\t\t\t<\/div>\n\t\t\t\t<div class=\"elementor-element elementor-element-58857c6 elementor-arrows-position-inside elementor-pagination-position-outside elementor-widget elementor-widget-image-carousel\" data-id=\"58857c6\" data-element_type=\"widget\" data-settings=\"{&quot;slides_to_show&quot;:&quot;1&quot;,&quot;navigation&quot;:&quot;both&quot;,&quot;autoplay&quot;:&quot;yes&quot;,&quot;pause_on_hover&quot;:&quot;yes&quot;,&quot;pause_on_interaction&quot;:&quot;yes&quot;,&quot;autoplay_speed&quot;:5000,&quot;infinite&quot;:&quot;yes&quot;,&quot;effect&quot;:&quot;slide&quot;,&quot;speed&quot;:500}\" data-widget_type=\"image-carousel.default\">\n\t\t\t\t<div class=\"elementor-widget-container\">\n\t\t\t\t\t<div class=\"elementor-image-carousel-wrapper swiper-container\" dir=\"ltr\">\n\t\t\t<div class=\"elementor-image-carousel swiper-wrapper\">\n\t\t\t\t\t\t\t\t<div class=\"swiper-slide\"><figure class=\"swiper-slide-inner\"><img class=\"swiper-slide-image\" src=\"https:\/\/fcv.unl.edu.ar\/citec\/wp-content\/uploads\/2019\/07\/20190528_084943-1.jpg\" alt=\"20190528_084943\" \/><\/figure><\/div><div class=\"swiper-slide\"><figure class=\"swiper-slide-inner\"><img class=\"swiper-slide-image\" src=\"https:\/\/fcv.unl.edu.ar\/citec\/wp-content\/uploads\/2019\/07\/20190528_085012-1.jpg\" alt=\"20190528_085012\" \/><\/figure><\/div><div class=\"swiper-slide\"><figure class=\"swiper-slide-inner\"><img class=\"swiper-slide-image\" src=\"https:\/\/fcv.unl.edu.ar\/citec\/wp-content\/uploads\/2019\/07\/20190528_085042.jpg\" alt=\"20190528_085042\" \/><\/figure><\/div><div class=\"swiper-slide\"><figure class=\"swiper-slide-inner\"><img class=\"swiper-slide-image\" src=\"https:\/\/fcv.unl.edu.ar\/citec\/wp-content\/uploads\/2019\/07\/20190528_134147.jpg\" alt=\"20190528_134147\" \/><\/figure><\/div><div class=\"swiper-slide\"><figure class=\"swiper-slide-inner\"><img class=\"swiper-slide-image\" src=\"https:\/\/fcv.unl.edu.ar\/citec\/wp-content\/uploads\/2019\/07\/20190528_134350.jpg\" alt=\"20190528_134350\" \/><\/figure><\/div>\t\t\t<\/div>\n\t\t\t\t\t\t\t\t\t\t\t\t<div class=\"swiper-pagination\"><\/div>\n\t\t\t\t\t\t\t\t\t\t\t\t\t<div class=\"elementor-swiper-button elementor-swiper-button-prev\">\n\t\t\t\t\t\t<i aria-hidden=\"true\" class=\"eicon-chevron-left\"><\/i>\t\t\t\t\t\t<span class=\"elementor-screen-only\">Previous<\/span>\n\t\t\t\t\t<\/div>\n\t\t\t\t\t<div class=\"elementor-swiper-button elementor-swiper-button-next\">\n\t\t\t\t\t\t<i aria-hidden=\"true\" class=\"eicon-chevron-right\"><\/i>\t\t\t\t\t\t<span class=\"elementor-screen-only\">Next<\/span>\n\t\t\t\t\t<\/div>\n\t\t\t\t\t\t\t\t\t<\/div>\n\t\t\t\t<\/div>\n\t\t\t\t<\/div>\n\t\t\t\t\t\t<\/div>\n\t\t\t\t\t<\/div>\n\t\t<\/div>\n\t\t\t\t\t\t\t\t<\/div>\n\t\t\t\t\t<\/div>\n\t\t<\/section>\n\t\t\t\t\t\t\t\t\t<\/div>\n\t\t\t<\/div>\n\t\t\t\t\t<\/div>\n\t\t","protected":false},"excerpt":{"rendered":"<p>Instancia presencial de formaci\u00f3n pr\u00e1ctica con el objetivo de incentivar y fortalecer el uso de las herramientas que ofrece la plataforma Moodle integradas a las pr\u00e1cticas educativas universitarias.<\/p>\n","protected":false},"author":1,"featured_media":1690,"comment_status":"open","ping_status":"open","sticky":false,"template":"","format":"standard","meta":[],"categories":[26],"tags":[],"_links":{"self":[{"href":"https:\/\/fcv.unl.edu.ar\/citec\/index.php?rest_route=\/wp\/v2\/posts\/1240"}],"collection":[{"href":"https:\/\/fcv.unl.edu.ar\/citec\/index.php?rest_route=\/wp\/v2\/posts"}],"about":[{"href":"https:\/\/fcv.unl.edu.ar\/citec\/index.php?rest_route=\/wp\/v2\/types\/post"}],"author":[{"embeddable":true,"href":"https:\/\/fcv.unl.edu.ar\/citec\/index.php?rest_route=\/wp\/v2\/users\/1"}],"replies":[{"embeddable":true,"href":"https:\/\/fcv.unl.edu.ar\/citec\/index.php?rest_route=%2Fwp%2Fv2%2Fcomments&post=1240"}],"version-history":[{"count":18,"href":"https:\/\/fcv.unl.edu.ar\/citec\/index.php?rest_route=\/wp\/v2\/posts\/1240\/revisions"}],"predecessor-version":[{"id":1938,"href":"https:\/\/fcv.unl.edu.ar\/citec\/index.php?rest_route=\/wp\/v2\/posts\/1240\/revisions\/1938"}],"wp:featuredmedia":[{"embeddable":true,"href":"https:\/\/fcv.unl.edu.ar\/citec\/index.php?rest_route=\/wp\/v2\/media\/1690"}],"wp:attachment":[{"href":"https:\/\/fcv.unl.edu.ar\/citec\/index.php?rest_route=%2Fwp%2Fv2%2Fmedia&parent=1240"}],"wp:term":[{"taxonomy":"category","embeddable":true,"href":"https:\/\/fcv.unl.edu.ar\/citec\/index.php?rest_route=%2Fwp%2Fv2%2Fcategories&post=1240"},{"taxonomy":"post_tag","embeddable":true,"href":"https:\/\/fcv.unl.edu.ar\/citec\/index.php?rest_route=%2Fwp%2Fv2%2Ftags&post=1240"}],"curies":[{"name":"wp","href":"https:\/\/api.w.org\/{rel}","templated":true}]}}